{"id":948,"date":"2015-07-20T15:19:59","date_gmt":"2015-07-20T18:19:59","guid":{"rendered":"http:\/\/sinpro-al.com.br\/v2\/?p=948"},"modified":"2015-07-20T15:19:59","modified_gmt":"2015-07-20T18:19:59","slug":"informativo-do-sinproal-e-distribuido-nas-escolas","status":"publish","type":"post","link":"http:\/\/sinpro-al.com.br\/v2\/?p=948","title":{"rendered":"Informativo do Sinpro\/AL \u00e9 distribu\u00eddo nas escolas"},"content":{"rendered":"<div id=\"attachment_949\" style=\"width: 310px\" class=\"wp-caption alignleft\"><a href=\"http:\/\/sinpro-al.com.br\/v2\/wp-content\/uploads\/2015\/07\/mota.jpg\"><img loading=\"lazy\" decoding=\"async\" aria-describedby=\"caption-attachment-949\" class=\"wp-image-949 size-medium\" src=\"http:\/\/sinpro-al.com.br\/v2\/wp-content\/uploads\/2015\/07\/mota-300x169.jpg\" alt=\"mota\" width=\"300\" height=\"169\" srcset=\"http:\/\/sinpro-al.com.br\/v2\/wp-content\/uploads\/2015\/07\/mota-300x169.jpg 300w, http:\/\/sinpro-al.com.br\/v2\/wp-content\/uploads\/2015\/07\/mota.jpg 640w\" sizes=\"auto, (max-width: 300px) 100vw, 300px\" \/><\/a><p id=\"caption-attachment-949\" class=\"wp-caption-text\">Vice-presidente do Sinpro\/AL, Mota, distribuindo o Informativo 01\/2015 para categoria<\/p><\/div>\n<p>Os diretores do Sindicato dos Professores de Alagoas (Sinpro\/AL) Marcelo Porto, Mamede Ferreira, Mota, Enaura Fernandes e Eduardo Vasconcelos estiveram na manh\u00e3 de hoje, 20\/07, nas escolas Monteiro Lobado e Saint Germain distribuindo o Informativo 01\/2015 produzido pelo Sindicato. A publica\u00e7\u00e3o demonstra o trabalho, os benef\u00edcios e as lutas desenvolvidas pela nova gest\u00e3o da entidade em pouco mais de dois meses de\u00a0comando.<\/p>\n<p>A mesma atividade ser\u00e1 realizada ao longo do m\u00eas em outras institui\u00e7\u00f5es de ensino da capital e do interior de Alagoas.<\/p>\n<p>Somos professores com orgulho e exigimos respeito!<\/p>\n<p>&nbsp;<\/p>\n<p>&nbsp;<\/p>\n","protected":false},"excerpt":{"rendered":"<p>Os diretores do Sindicato dos Professores de Alagoas (Sinpro\/AL) Marcelo Porto, Mamede Ferreira, Mota, Enaura Fernandes e Eduardo Vasconcelos estiveram na manh\u00e3 de hoje, 20\/07, nas escolas Monteiro Lobado e Saint Germain distribuindo o Informativo 01\/2015 produzido pelo Sindicato. A publica\u00e7\u00e3o demonstra o trabalho, os benef\u00edcios e as lutas desenvolvidas pela nova gest\u00e3o da entidade [&hellip;]<\/p>\n","protected":false},"author":4,"featured_media":0,"comment_status":"open","ping_status":"open","sticky":false,"template":"","format":"standard","meta":{"footnotes":""},"categories":[4],"tags":[],"class_list":["post-948","post","type-post","status-publish","format-standard","hentry","category-noticias-sinpro-al"],"_links":{"self":[{"href":"http:\/\/sinpro-al.com.br\/v2\/index.php?rest_route=\/wp\/v2\/posts\/948","targetHints":{"allow":["GET"]}}],"collection":[{"href":"http:\/\/sinpro-al.com.br\/v2\/index.php?rest_route=\/wp\/v2\/posts"}],"about":[{"href":"http:\/\/sinpro-al.com.br\/v2\/index.php?rest_route=\/wp\/v2\/types\/post"}],"author":[{"embeddable":true,"href":"http:\/\/sinpro-al.com.br\/v2\/index.php?rest_route=\/wp\/v2\/users\/4"}],"replies":[{"embeddable":true,"href":"http:\/\/sinpro-al.com.br\/v2\/index.php?rest_route=%2Fwp%2Fv2%2Fcomments&post=948"}],"version-history":[{"count":1,"href":"http:\/\/sinpro-al.com.br\/v2\/index.php?rest_route=\/wp\/v2\/posts\/948\/revisions"}],"predecessor-version":[{"id":950,"href":"http:\/\/sinpro-al.com.br\/v2\/index.php?rest_route=\/wp\/v2\/posts\/948\/revisions\/950"}],"wp:attachment":[{"href":"http:\/\/sinpro-al.com.br\/v2\/index.php?rest_route=%2Fwp%2Fv2%2Fmedia&parent=948"}],"wp:term":[{"taxonomy":"category","embeddable":true,"href":"http:\/\/sinpro-al.com.br\/v2\/index.php?rest_route=%2Fwp%2Fv2%2Fcategories&post=948"},{"taxonomy":"post_tag","embeddable":true,"href":"http:\/\/sinpro-al.com.br\/v2\/index.php?rest_route=%2Fwp%2Fv2%2Ftags&post=948"}],"curies":[{"name":"wp","href":"https:\/\/api.w.org\/{rel}","templated":true}]}}