{"id":943,"date":"2015-07-17T12:34:48","date_gmt":"2015-07-17T15:34:48","guid":{"rendered":"http:\/\/sinpro-al.com.br\/v2\/?p=943"},"modified":"2015-07-17T12:34:48","modified_gmt":"2015-07-17T15:34:48","slug":"sinproal-informa-ao-mpt-funcionamento-do-nucleo-regional-do-agreste-da-entidade","status":"publish","type":"post","link":"http:\/\/sinpro-al.com.br\/v2\/?p=943","title":{"rendered":"Sinpro\/AL informa ao MPT funcionamento do N\u00facleo Regional do Agreste da entidade"},"content":{"rendered":"<div id=\"attachment_944\" style=\"width: 233px\" class=\"wp-caption alignleft\"><a href=\"http:\/\/sinpro-al.com.br\/v2\/wp-content\/uploads\/2015\/07\/CF2.jpg\"><img loading=\"lazy\" decoding=\"async\" aria-describedby=\"caption-attachment-944\" class=\"wp-image-944 \" src=\"http:\/\/sinpro-al.com.br\/v2\/wp-content\/uploads\/2015\/07\/CF2-203x300.jpg\" alt=\"CF\" width=\"223\" height=\"330\" srcset=\"http:\/\/sinpro-al.com.br\/v2\/wp-content\/uploads\/2015\/07\/CF2-203x300.jpg 203w, http:\/\/sinpro-al.com.br\/v2\/wp-content\/uploads\/2015\/07\/CF2-693x1024.jpg 693w, http:\/\/sinpro-al.com.br\/v2\/wp-content\/uploads\/2015\/07\/CF2.jpg 1705w\" sizes=\"auto, (max-width: 223px) 100vw, 223px\" \/><\/a><p id=\"caption-attachment-944\" class=\"wp-caption-text\">Documento encaminhado ao MPT ratificando o funcionamento do N\u00facleo Regional do Agreste do Sinpro\/AL<\/p><\/div>\n<p>O Sindicato dos Professores de Alagoas (Sinrpo\/AL) informou \u00a0ao Minist\u00e9rio P\u00fablico do Trabalho (MPT) atrav\u00e9s de oficio o in\u00edcio do funcionamento do N\u00facleo Regional do Agreste da entidade em Arapiraca. O documento assinado pelo presidente do Sinpro, Eduardo Vasconcelos, destaca que a N\u00facleo do Sindicato na regi\u00e3o est\u00e1 em plena atividade desde segunda-feira,\u00a0 13\/07.<\/p>\n<p>A sede do Sinpro\/AL em Arapiraca fica localizada no Largo Dom Fernando Gomes, n \u00ba 33, Centro, na sala 103, (refer\u00eancia: no pr\u00e9dio que fica a loja Festival de Cal\u00e7ados). O telefone para contato \u00e9: 9-96985366. A sede no interior est\u00e1 funcionando inicialmente de 9h \u00e0s 13h.<\/p>\n<p><strong>Saiba mais:<\/strong><\/p>\n<p><a href=\"http:\/\/sinpro-al.com.br\/v2\/?paged=4\">http:\/\/sinpro-al.com.br\/v2\/?paged=4<\/a><\/p>\n","protected":false},"excerpt":{"rendered":"<p>O Sindicato dos Professores de Alagoas (Sinrpo\/AL) informou \u00a0ao Minist\u00e9rio P\u00fablico do Trabalho (MPT) atrav\u00e9s de oficio o in\u00edcio do funcionamento do N\u00facleo Regional do Agreste da entidade em Arapiraca. O documento assinado pelo presidente do Sinpro, Eduardo Vasconcelos, destaca que a N\u00facleo do Sindicato na regi\u00e3o est\u00e1 em plena atividade desde segunda-feira,\u00a0 13\/07. A [&hellip;]<\/p>\n","protected":false},"author":4,"featured_media":0,"comment_status":"open","ping_status":"open","sticky":false,"template":"","format":"standard","meta":{"footnotes":""},"categories":[4],"tags":[],"class_list":["post-943","post","type-post","status-publish","format-standard","hentry","category-noticias-sinpro-al"],"_links":{"self":[{"href":"http:\/\/sinpro-al.com.br\/v2\/index.php?rest_route=\/wp\/v2\/posts\/943","targetHints":{"allow":["GET"]}}],"collection":[{"href":"http:\/\/sinpro-al.com.br\/v2\/index.php?rest_route=\/wp\/v2\/posts"}],"about":[{"href":"http:\/\/sinpro-al.com.br\/v2\/index.php?rest_route=\/wp\/v2\/types\/post"}],"author":[{"embeddable":true,"href":"http:\/\/sinpro-al.com.br\/v2\/index.php?rest_route=\/wp\/v2\/users\/4"}],"replies":[{"embeddable":true,"href":"http:\/\/sinpro-al.com.br\/v2\/index.php?rest_route=%2Fwp%2Fv2%2Fcomments&post=943"}],"version-history":[{"count":1,"href":"http:\/\/sinpro-al.com.br\/v2\/index.php?rest_route=\/wp\/v2\/posts\/943\/revisions"}],"predecessor-version":[{"id":945,"href":"http:\/\/sinpro-al.com.br\/v2\/index.php?rest_route=\/wp\/v2\/posts\/943\/revisions\/945"}],"wp:attachment":[{"href":"http:\/\/sinpro-al.com.br\/v2\/index.php?rest_route=%2Fwp%2Fv2%2Fmedia&parent=943"}],"wp:term":[{"taxonomy":"category","embeddable":true,"href":"http:\/\/sinpro-al.com.br\/v2\/index.php?rest_route=%2Fwp%2Fv2%2Fcategories&post=943"},{"taxonomy":"post_tag","embeddable":true,"href":"http:\/\/sinpro-al.com.br\/v2\/index.php?rest_route=%2Fwp%2Fv2%2Ftags&post=943"}],"curies":[{"name":"wp","href":"https:\/\/api.w.org\/{rel}","templated":true}]}}