{"id":909,"date":"2015-07-15T15:26:38","date_gmt":"2015-07-15T18:26:38","guid":{"rendered":"http:\/\/sinpro-al.com.br\/v2\/?p=909"},"modified":"2015-07-15T16:06:05","modified_gmt":"2015-07-15T19:06:05","slug":"presidente-do-sinproal-concede-entrevistas-nas-radios-de-arapiraca","status":"publish","type":"post","link":"http:\/\/sinpro-al.com.br\/v2\/?p=909","title":{"rendered":"Presidente do Sinpro\/AL concede entrevistas nas r\u00e1dios de Arapiraca"},"content":{"rendered":"<div id=\"attachment_910\" style=\"width: 290px\" class=\"wp-caption alignleft\"><a href=\"http:\/\/sinpro-al.com.br\/v2\/wp-content\/uploads\/2015\/07\/radio-em-arapiraca.jpg\"><img loading=\"lazy\" decoding=\"async\" aria-describedby=\"caption-attachment-910\" class=\"wp-image-910\" src=\"http:\/\/sinpro-al.com.br\/v2\/wp-content\/uploads\/2015\/07\/radio-em-arapiraca-300x225.jpg\" alt=\"radio em arapiraca\" width=\"280\" height=\"210\" srcset=\"http:\/\/sinpro-al.com.br\/v2\/wp-content\/uploads\/2015\/07\/radio-em-arapiraca-300x225.jpg 300w, http:\/\/sinpro-al.com.br\/v2\/wp-content\/uploads\/2015\/07\/radio-em-arapiraca-1024x768.jpg 1024w, http:\/\/sinpro-al.com.br\/v2\/wp-content\/uploads\/2015\/07\/radio-em-arapiraca.jpg 1600w\" sizes=\"auto, (max-width: 280px) 100vw, 280px\" \/><\/a><p id=\"caption-attachment-910\" class=\"wp-caption-text\">Eduardo Vasconcelos fala da concretiza\u00e7\u00e3o do projeto de interioriza\u00e7\u00e3o do Sinpro\/AL<\/p><\/div>\n<p>O presidente do Sindicato dos Professores de Alagoas, Eduardo Vasconcelos, concedeu uma s\u00e9rie de entrevistas para as r\u00e1dios em Arapiraca. Entre as pautas mais discutidas estiveram: o in\u00edcio das atividades do N\u00facleo Regional do Agreste do Sinpro\/AL, que desde segunda-feira est\u00e1 em funcionamento, e as recentes conquistas e parcerias da nova diretoria do Sindicato em pouco mais de dois meses de gest\u00e3o.<\/p>\n<p>Os docentes de Arapiraca e regi\u00f5es circunvizinhas puderam ouvir atrav\u00e9s das r\u00e1dios Imprima FM, Nova FM, Jornal da Nova FM e 96 FM um pouco sobre o trabalho desenvolvido em prol dos professores da rede privada de ensino do Estado. Eduardo Vasconcelos falou que a interioriza\u00e7\u00e3o do Sinpro\/AL ir\u00e1 fortalecer ainda mais a categoria e que os docentes da regi\u00e3o contam com seus representantes cada vez mais pr\u00f3ximos em defesa da classe.<\/p>\n<p>A sede do Sinpro\/AL em Arapiraca fica localizada no Largo Dom Fernando Gomes, n \u00ba 33, Centro, na sala 103, (refer\u00eancia: no pr\u00e9dio que fica a loja Festival de Cal\u00e7ados). O telefone para contato \u00e9: 9-96985366. A sede no interior est\u00e1 funcionando inicialmente de 9h \u00e0s 13h.<\/p>\n","protected":false},"excerpt":{"rendered":"<p>O presidente do Sindicato dos Professores de Alagoas, Eduardo Vasconcelos, concedeu uma s\u00e9rie de entrevistas para as r\u00e1dios em Arapiraca. Entre as pautas mais discutidas estiveram: o in\u00edcio das atividades do N\u00facleo Regional do Agreste do Sinpro\/AL, que desde segunda-feira est\u00e1 em funcionamento, e as recentes conquistas e parcerias da nova diretoria do Sindicato em [&hellip;]<\/p>\n","protected":false},"author":4,"featured_media":0,"comment_status":"open","ping_status":"open","sticky":false,"template":"","format":"standard","meta":{"footnotes":""},"categories":[4],"tags":[],"class_list":["post-909","post","type-post","status-publish","format-standard","hentry","category-noticias-sinpro-al"],"_links":{"self":[{"href":"http:\/\/sinpro-al.com.br\/v2\/index.php?rest_route=\/wp\/v2\/posts\/909","targetHints":{"allow":["GET"]}}],"collection":[{"href":"http:\/\/sinpro-al.com.br\/v2\/index.php?rest_route=\/wp\/v2\/posts"}],"about":[{"href":"http:\/\/sinpro-al.com.br\/v2\/index.php?rest_route=\/wp\/v2\/types\/post"}],"author":[{"embeddable":true,"href":"http:\/\/sinpro-al.com.br\/v2\/index.php?rest_route=\/wp\/v2\/users\/4"}],"replies":[{"embeddable":true,"href":"http:\/\/sinpro-al.com.br\/v2\/index.php?rest_route=%2Fwp%2Fv2%2Fcomments&post=909"}],"version-history":[{"count":3,"href":"http:\/\/sinpro-al.com.br\/v2\/index.php?rest_route=\/wp\/v2\/posts\/909\/revisions"}],"predecessor-version":[{"id":913,"href":"http:\/\/sinpro-al.com.br\/v2\/index.php?rest_route=\/wp\/v2\/posts\/909\/revisions\/913"}],"wp:attachment":[{"href":"http:\/\/sinpro-al.com.br\/v2\/index.php?rest_route=%2Fwp%2Fv2%2Fmedia&parent=909"}],"wp:term":[{"taxonomy":"category","embeddable":true,"href":"http:\/\/sinpro-al.com.br\/v2\/index.php?rest_route=%2Fwp%2Fv2%2Fcategories&post=909"},{"taxonomy":"post_tag","embeddable":true,"href":"http:\/\/sinpro-al.com.br\/v2\/index.php?rest_route=%2Fwp%2Fv2%2Ftags&post=909"}],"curies":[{"name":"wp","href":"https:\/\/api.w.org\/{rel}","templated":true}]}}