{"id":899,"date":"2015-07-14T15:59:24","date_gmt":"2015-07-14T18:59:24","guid":{"rendered":"http:\/\/sinpro-al.com.br\/v2\/?p=899"},"modified":"2015-07-14T15:59:24","modified_gmt":"2015-07-14T18:59:24","slug":"assembleia-sera-convocada-para-analisar-propostas-e-falta-de-prestacao-de-contas","status":"publish","type":"post","link":"http:\/\/sinpro-al.com.br\/v2\/?p=899","title":{"rendered":"Assembleia ser\u00e1 convocada para analisar propostas e falta de presta\u00e7\u00e3o de contas"},"content":{"rendered":"<div id=\"attachment_900\" style=\"width: 303px\" class=\"wp-caption alignleft\"><a href=\"http:\/\/sinpro-al.com.br\/v2\/wp-content\/uploads\/2015\/07\/eduardo.jpg\"><img loading=\"lazy\" decoding=\"async\" aria-describedby=\"caption-attachment-900\" class=\"wp-image-900\" src=\"http:\/\/sinpro-al.com.br\/v2\/wp-content\/uploads\/2015\/07\/eduardo-300x198.jpg\" alt=\"eduardo\" width=\"293\" height=\"193\" srcset=\"http:\/\/sinpro-al.com.br\/v2\/wp-content\/uploads\/2015\/07\/eduardo-300x198.jpg 300w, http:\/\/sinpro-al.com.br\/v2\/wp-content\/uploads\/2015\/07\/eduardo.jpg 590w\" sizes=\"auto, (max-width: 293px) 100vw, 293px\" \/><\/a><p id=\"caption-attachment-900\" class=\"wp-caption-text\">Presidente do Sinpro\/AL, Eduardo Vasconcelos<\/p><\/div>\n<p>Essa semana se reuniram os representantes do Sindicato dos Professores de Alagoas (Sinpro) e do Sindicato dos Estabelecimentos de Ensino no Estado de Alagoas (Sinepe) para discutirem a seguintes pautas: antecipa\u00e7\u00e3o do Dia do Educador, neste ano de 2015, do dia 15 para o dia 13 de outubro (ter\u00e7a-feira), unifica\u00e7\u00e3o das f\u00e9rias para o per\u00edodo compreendido entre 20 de dezembro a 20 de janeiro e a unifica\u00e7\u00e3o do recesso junino para o per\u00edodo de 15 a 30 de junho.<\/p>\n<p>O encontro ainda destacou o reajuste da categoria do Sindicato dos Professores de Alagoas na ordem de 7.68% repassados a categoria na data base: mar\u00e7o\/2015. \u201cEssa foi a primeira rodada de negocia\u00e7\u00f5es e propostas. Vamos realizar uma assembleia, que a data ainda ser\u00e1 marcada e divulgada, para saber o posicionamento da categoria em rela\u00e7\u00e3o as propostas tratadas\u201d, enfatizou o presidente do Sinpro, Eduardo Vasconcelos.<\/p>\n<p><strong>Rombo tamb\u00e9m ser\u00e1 tema da pr\u00f3xima assembleia<\/strong><\/p>\n<p>A diretoria do Sinpro\/AL adianta que nessa mesma assembleia ser\u00e1 discutido o rombo de R$ 50 mil praticado pelo ex-presidente do Sinpro\/AL, Fernando Firmino, e as medidas cab\u00edveis que ser\u00e3o tomadas em conjunto com as autoridades competentes.<\/p>\n<p>\u201cOs filiados precisam estar cientes do que ocorreu no Sinpro. Os demonstrativos financeiros falam por si s\u00f3. A pr\u00f3xima assembleia ser\u00e1 esclarecedora em diversos aspectos para os professores da rede privada de ensino de Alagoas\u201d, finalizou Eduardo.<\/p>\n<p>Saiba mais: \u00a0<a href=\"http:\/\/sinpro-al.com.br\/v2\/?p=896\">http:\/\/sinpro-al.com.br\/v2\/?p=896<\/a> (<em>Ex-presidente do Sinpro\/AL sacou R$ 50 mil sem presta\u00e7\u00e3o de contas<\/em>)<\/p>\n","protected":false},"excerpt":{"rendered":"<p>Essa semana se reuniram os representantes do Sindicato dos Professores de Alagoas (Sinpro) e do Sindicato dos Estabelecimentos de Ensino no Estado de Alagoas (Sinepe) para discutirem a seguintes pautas: antecipa\u00e7\u00e3o do Dia do Educador, neste ano de 2015, do dia 15 para o dia 13 de outubro (ter\u00e7a-feira), unifica\u00e7\u00e3o das f\u00e9rias para o per\u00edodo [&hellip;]<\/p>\n","protected":false},"author":4,"featured_media":0,"comment_status":"open","ping_status":"open","sticky":false,"template":"","format":"standard","meta":{"footnotes":""},"categories":[4],"tags":[],"class_list":["post-899","post","type-post","status-publish","format-standard","hentry","category-noticias-sinpro-al"],"_links":{"self":[{"href":"http:\/\/sinpro-al.com.br\/v2\/index.php?rest_route=\/wp\/v2\/posts\/899","targetHints":{"allow":["GET"]}}],"collection":[{"href":"http:\/\/sinpro-al.com.br\/v2\/index.php?rest_route=\/wp\/v2\/posts"}],"about":[{"href":"http:\/\/sinpro-al.com.br\/v2\/index.php?rest_route=\/wp\/v2\/types\/post"}],"author":[{"embeddable":true,"href":"http:\/\/sinpro-al.com.br\/v2\/index.php?rest_route=\/wp\/v2\/users\/4"}],"replies":[{"embeddable":true,"href":"http:\/\/sinpro-al.com.br\/v2\/index.php?rest_route=%2Fwp%2Fv2%2Fcomments&post=899"}],"version-history":[{"count":1,"href":"http:\/\/sinpro-al.com.br\/v2\/index.php?rest_route=\/wp\/v2\/posts\/899\/revisions"}],"predecessor-version":[{"id":901,"href":"http:\/\/sinpro-al.com.br\/v2\/index.php?rest_route=\/wp\/v2\/posts\/899\/revisions\/901"}],"wp:attachment":[{"href":"http:\/\/sinpro-al.com.br\/v2\/index.php?rest_route=%2Fwp%2Fv2%2Fmedia&parent=899"}],"wp:term":[{"taxonomy":"category","embeddable":true,"href":"http:\/\/sinpro-al.com.br\/v2\/index.php?rest_route=%2Fwp%2Fv2%2Fcategories&post=899"},{"taxonomy":"post_tag","embeddable":true,"href":"http:\/\/sinpro-al.com.br\/v2\/index.php?rest_route=%2Fwp%2Fv2%2Ftags&post=899"}],"curies":[{"name":"wp","href":"https:\/\/api.w.org\/{rel}","templated":true}]}}