{"id":893,"date":"2015-07-09T14:41:11","date_gmt":"2015-07-09T17:41:11","guid":{"rendered":"http:\/\/sinpro-al.com.br\/v2\/?p=893"},"modified":"2015-07-09T14:41:11","modified_gmt":"2015-07-09T17:41:11","slug":"sede-do-sinproal-em-arapiraca-entra-em-atividade-na-segunda-feira-1307","status":"publish","type":"post","link":"http:\/\/sinpro-al.com.br\/v2\/?p=893","title":{"rendered":"Sede do Sinpro\/AL em Arapiraca entra em atividade na segunda-feira (13\/07)"},"content":{"rendered":"<div id=\"attachment_894\" style=\"width: 302px\" class=\"wp-caption alignleft\"><a href=\"http:\/\/sinpro-al.com.br\/v2\/wp-content\/uploads\/2015\/07\/jfsjrf.jpg\"><img loading=\"lazy\" decoding=\"async\" aria-describedby=\"caption-attachment-894\" class=\"wp-image-894\" src=\"http:\/\/sinpro-al.com.br\/v2\/wp-content\/uploads\/2015\/07\/jfsjrf-300x168.jpg\" alt=\"jfsjrf\" width=\"292\" height=\"163\" srcset=\"http:\/\/sinpro-al.com.br\/v2\/wp-content\/uploads\/2015\/07\/jfsjrf-300x168.jpg 300w, http:\/\/sinpro-al.com.br\/v2\/wp-content\/uploads\/2015\/07\/jfsjrf.jpg 743w\" sizes=\"auto, (max-width: 292px) 100vw, 292px\" \/><\/a><p id=\"caption-attachment-894\" class=\"wp-caption-text\">Confira a localiza\u00e7\u00e3o da sede do Sinpro\/AL em Arapiraca<\/p><\/div>\n<p>Conquista. Esse \u00e9 o sentimento da diretoria do Sindicato dos Professores de Alagoas com a sede da entidade em Arapiraca que come\u00e7ar\u00e1 seu funcionamento na pr\u00f3xima segunda-feira (13\/07). A interioriza\u00e7\u00e3o do Sinpro\/AL foi um dos compromissos da diretoria eleita que hoje \u00e9 uma realidade.<\/p>\n<p>Com exatos 65 dias de atividades o novo comando do Sinpro\/AL come\u00e7a de forma concreta o seu projeto de interioriza\u00e7\u00e3o do Sindicato para os quatro cantos do Estado. \u00a0O pr\u00f3ximo quadri\u00eanio da atual gest\u00e3o pretende defender os interesses e ampliar as coquistas dos docentes em todo Estado.<\/p>\n<p>A sede do Sinpro\/AL em Arapiraca ir\u00e1 atender os professores do munic\u00edpio e regi\u00f5es circunvizinhas. Os diretores Jos\u00e9 Nivaldo Mota, Marcelo Porto e Eduardo Vasconcelos estiveram em Arapiraca resolvendo os \u00faltimos detalhes para que a sede do Agreste comece seu pleno funcionamento.<\/p>\n<p>A sede do Sinpro\/AL em Arapiraca fica localizada no Largo Dom Fernando Gomes, n \u00ba 33, Centro, na sala 103, (refer\u00eancia: no pr\u00e9dio que fica a loja Festival de Cal\u00e7ados). O telefone para contato \u00e9: 996985366. A\u00a0sede no interior ir\u00e1 funcionar inicialmente de 9h \u00e0s 13h.<\/p>\n","protected":false},"excerpt":{"rendered":"<p>Conquista. Esse \u00e9 o sentimento da diretoria do Sindicato dos Professores de Alagoas com a sede da entidade em Arapiraca que come\u00e7ar\u00e1 seu funcionamento na pr\u00f3xima segunda-feira (13\/07). A interioriza\u00e7\u00e3o do Sinpro\/AL foi um dos compromissos da diretoria eleita que hoje \u00e9 uma realidade. Com exatos 65 dias de atividades o novo comando do Sinpro\/AL [&hellip;]<\/p>\n","protected":false},"author":4,"featured_media":0,"comment_status":"open","ping_status":"open","sticky":false,"template":"","format":"standard","meta":{"footnotes":""},"categories":[1],"tags":[],"class_list":["post-893","post","type-post","status-publish","format-standard","hentry","category-sem-categoria"],"_links":{"self":[{"href":"http:\/\/sinpro-al.com.br\/v2\/index.php?rest_route=\/wp\/v2\/posts\/893","targetHints":{"allow":["GET"]}}],"collection":[{"href":"http:\/\/sinpro-al.com.br\/v2\/index.php?rest_route=\/wp\/v2\/posts"}],"about":[{"href":"http:\/\/sinpro-al.com.br\/v2\/index.php?rest_route=\/wp\/v2\/types\/post"}],"author":[{"embeddable":true,"href":"http:\/\/sinpro-al.com.br\/v2\/index.php?rest_route=\/wp\/v2\/users\/4"}],"replies":[{"embeddable":true,"href":"http:\/\/sinpro-al.com.br\/v2\/index.php?rest_route=%2Fwp%2Fv2%2Fcomments&post=893"}],"version-history":[{"count":1,"href":"http:\/\/sinpro-al.com.br\/v2\/index.php?rest_route=\/wp\/v2\/posts\/893\/revisions"}],"predecessor-version":[{"id":895,"href":"http:\/\/sinpro-al.com.br\/v2\/index.php?rest_route=\/wp\/v2\/posts\/893\/revisions\/895"}],"wp:attachment":[{"href":"http:\/\/sinpro-al.com.br\/v2\/index.php?rest_route=%2Fwp%2Fv2%2Fmedia&parent=893"}],"wp:term":[{"taxonomy":"category","embeddable":true,"href":"http:\/\/sinpro-al.com.br\/v2\/index.php?rest_route=%2Fwp%2Fv2%2Fcategories&post=893"},{"taxonomy":"post_tag","embeddable":true,"href":"http:\/\/sinpro-al.com.br\/v2\/index.php?rest_route=%2Fwp%2Fv2%2Ftags&post=893"}],"curies":[{"name":"wp","href":"https:\/\/api.w.org\/{rel}","templated":true}]}}