{"id":890,"date":"2015-07-06T17:20:28","date_gmt":"2015-07-06T20:20:28","guid":{"rendered":"http:\/\/sinpro-al.com.br\/v2\/?p=890"},"modified":"2015-07-06T17:20:28","modified_gmt":"2015-07-06T20:20:28","slug":"representante-do-ibesa-diz-ao-mpt-que-ira-pagar-salario-atrasado-dos-professores","status":"publish","type":"post","link":"http:\/\/sinpro-al.com.br\/v2\/?p=890","title":{"rendered":"Representante do IBESA diz ao MPT que  ir\u00e1 pagar sal\u00e1rio atrasado dos professores"},"content":{"rendered":"<div id=\"attachment_891\" style=\"width: 220px\" class=\"wp-caption alignleft\"><a href=\"http:\/\/sinpro-al.com.br\/v2\/wp-content\/uploads\/2015\/07\/RAFAEL.jpg\"><img loading=\"lazy\" decoding=\"async\" aria-describedby=\"caption-attachment-891\" class=\"wp-image-891\" src=\"http:\/\/sinpro-al.com.br\/v2\/wp-content\/uploads\/2015\/07\/RAFAEL-300x199.jpg\" alt=\"RAFAEL\" width=\"210\" height=\"139\" srcset=\"http:\/\/sinpro-al.com.br\/v2\/wp-content\/uploads\/2015\/07\/RAFAEL-300x199.jpg 300w, http:\/\/sinpro-al.com.br\/v2\/wp-content\/uploads\/2015\/07\/RAFAEL.jpg 800w\" sizes=\"auto, (max-width: 210px) 100vw, 210px\" \/><\/a><p id=\"caption-attachment-891\" class=\"wp-caption-text\">Procurador regional do Trabalho, Rafael Gazzan\u00e9o<\/p><\/div>\n<p>O presidente e vice-presidente do Sindicato dos Professores de Alagoas (Sinpro\/AL), respectivamente, Eduardo Vasconcelos e Jos\u00e9 Nivaldo Cardoso Mota estiveram na sede do Minist\u00e9rio P\u00fablico do Trabalho (MPT) em audi\u00eancia com o procurador regional do Trabalho, \u00a0Rafael Gazzan\u00e9o, para sanar os problem\u00e1ticas da faculdade Ibesa.\u00a0 O Sinpro\/AL foi informado que h\u00e1 quatro meses os professores n\u00e3o recebiam de forma regular os seus vencimentos e que o \u00faltimo m\u00eas estava em atraso.<\/p>\n<p>A empresa reconheceu atrav\u00e9s do seu preposto, Rodrigo Alves Oliveira dos Santos Xavier, ao MPT que a faculdade Ibesa \u201cainda permanece atrasado os sal\u00e1rios dos seus empregados, por\u00e9m esclarece que, atualmente, somente existe um m\u00eas de sal\u00e1rios atrasados, tamb\u00e9m reconhece que os reajustes salariais previstos em conven\u00e7\u00e3o coletiva de trabalho n\u00e3o foram\u00a0 implantados nos sal\u00e1rios dos seus empregados\u201d.<\/p>\n<p>A Ibesa ainda reconheceu outra irregularidade contra os professores: \u201cos dep\u00f3sitos do FGTS n\u00e3o est\u00e3o sendo realizados, por\u00e9m pretende passar a realizar os dep\u00f3sitos mensais\u201d.<\/p>\n<p>O Minist\u00e9rio P\u00fablico do Trabalho (MPT) estipulou a pedido do procurador regional do Trabalho, Rafael Gazzan\u00e9o, um prazo de 120 dias para que a faculdade Ibesa \u201cregularizar a situa\u00e7\u00e3o dos seus empregados\u201d.<\/p>\n<p>\u201cAtua\u00e7\u00e3o fiscalizadora do Sinpro\/AL coibi, muita das vezes, a explora\u00e7\u00e3o que vem ocorrendo com os professores nas institui\u00e7\u00f5es de ensino. Esperamos que a Ibesa se adeque o quanto antes as determina\u00e7\u00f5es do MTPT\u201d, enfatizou o presidente do Sindicato dos Professores de Alagoas, Eduardo Vasconcelos.<\/p>\n<p>Somos professores com orgulho e exigimos respeito!<\/p>\n<p>&nbsp;<\/p>\n<p>&nbsp;<\/p>\n<p>&nbsp;<\/p>\n","protected":false},"excerpt":{"rendered":"<p>O presidente e vice-presidente do Sindicato dos Professores de Alagoas (Sinpro\/AL), respectivamente, Eduardo Vasconcelos e Jos\u00e9 Nivaldo Cardoso Mota estiveram na sede do Minist\u00e9rio P\u00fablico do Trabalho (MPT) em audi\u00eancia com o procurador regional do Trabalho, \u00a0Rafael Gazzan\u00e9o, para sanar os problem\u00e1ticas da faculdade Ibesa.\u00a0 O Sinpro\/AL foi informado que h\u00e1 quatro meses os professores [&hellip;]<\/p>\n","protected":false},"author":4,"featured_media":0,"comment_status":"open","ping_status":"open","sticky":false,"template":"","format":"standard","meta":{"footnotes":""},"categories":[1],"tags":[],"class_list":["post-890","post","type-post","status-publish","format-standard","hentry","category-sem-categoria"],"_links":{"self":[{"href":"http:\/\/sinpro-al.com.br\/v2\/index.php?rest_route=\/wp\/v2\/posts\/890","targetHints":{"allow":["GET"]}}],"collection":[{"href":"http:\/\/sinpro-al.com.br\/v2\/index.php?rest_route=\/wp\/v2\/posts"}],"about":[{"href":"http:\/\/sinpro-al.com.br\/v2\/index.php?rest_route=\/wp\/v2\/types\/post"}],"author":[{"embeddable":true,"href":"http:\/\/sinpro-al.com.br\/v2\/index.php?rest_route=\/wp\/v2\/users\/4"}],"replies":[{"embeddable":true,"href":"http:\/\/sinpro-al.com.br\/v2\/index.php?rest_route=%2Fwp%2Fv2%2Fcomments&post=890"}],"version-history":[{"count":1,"href":"http:\/\/sinpro-al.com.br\/v2\/index.php?rest_route=\/wp\/v2\/posts\/890\/revisions"}],"predecessor-version":[{"id":892,"href":"http:\/\/sinpro-al.com.br\/v2\/index.php?rest_route=\/wp\/v2\/posts\/890\/revisions\/892"}],"wp:attachment":[{"href":"http:\/\/sinpro-al.com.br\/v2\/index.php?rest_route=%2Fwp%2Fv2%2Fmedia&parent=890"}],"wp:term":[{"taxonomy":"category","embeddable":true,"href":"http:\/\/sinpro-al.com.br\/v2\/index.php?rest_route=%2Fwp%2Fv2%2Fcategories&post=890"},{"taxonomy":"post_tag","embeddable":true,"href":"http:\/\/sinpro-al.com.br\/v2\/index.php?rest_route=%2Fwp%2Fv2%2Ftags&post=890"}],"curies":[{"name":"wp","href":"https:\/\/api.w.org\/{rel}","templated":true}]}}