{"id":883,"date":"2015-07-01T18:15:05","date_gmt":"2015-07-01T21:15:05","guid":{"rendered":"http:\/\/sinpro-al.com.br\/v2\/?p=883"},"modified":"2015-07-01T18:15:05","modified_gmt":"2015-07-01T21:15:05","slug":"sinproal-subscreve-nota-publica-do-conselho-municipal-de-educacao-de-maceio","status":"publish","type":"post","link":"http:\/\/sinpro-al.com.br\/v2\/?p=883","title":{"rendered":"Sinpro\/AL subscreve nota p\u00fablica do Conselho Municipal de Educa\u00e7\u00e3o de Macei\u00f3"},"content":{"rendered":"<p><a href=\"http:\/\/sinpro-al.com.br\/v2\/wp-content\/uploads\/2015\/07\/1234654i65890609r8y9trught6rjuyoijthlk\u00e7trjh6tr.jpeg\"><img loading=\"lazy\" decoding=\"async\" class=\"alignleft  wp-image-884\" src=\"http:\/\/sinpro-al.com.br\/v2\/wp-content\/uploads\/2015\/07\/1234654i65890609r8y9trught6rjuyoijthlk\u00e7trjh6tr-218x300.jpeg\" alt=\"1234654i65890609r8y9trught6rjuyoijthlk\u00e7trjh6tr\" width=\"260\" height=\"357\" srcset=\"http:\/\/sinpro-al.com.br\/v2\/wp-content\/uploads\/2015\/07\/1234654i65890609r8y9trught6rjuyoijthlk\u00e7trjh6tr-218x300.jpeg 218w, http:\/\/sinpro-al.com.br\/v2\/wp-content\/uploads\/2015\/07\/1234654i65890609r8y9trught6rjuyoijthlk\u00e7trjh6tr-744x1024.jpeg 744w, http:\/\/sinpro-al.com.br\/v2\/wp-content\/uploads\/2015\/07\/1234654i65890609r8y9trught6rjuyoijthlk\u00e7trjh6tr.jpeg 1163w\" sizes=\"auto, (max-width: 260px) 100vw, 260px\" \/><\/a>O Conselho Municipal de Educa\u00e7\u00e3o de Macei\u00f3 (Comed), o Sindicato dos Professores de Alagoas (Sinpro\/AL) e outras entidades destacaram em nota p\u00fablica a import\u00e2ncia da revis\u00e3o e o realinhamento do Plano Municipal de Educa\u00e7\u00e3o de Macei\u00f3.<\/p>\n<p>A nota alerta: \u201cComo um Plano de Estado, o Plano Municipal de Educa\u00e7\u00e3o de Macei\u00f3 \u00e9 par\u00e2metro central que norteia a a\u00e7\u00e3o administrativa, pol\u00edtica e jur\u00eddica para Educa\u00e7\u00e3o Municipal, ratificando-se, portanto, sua import\u00e2ncia e necessidade imprescind\u00edvel de discuss\u00e3o, aprecia\u00e7\u00e3o e aprova\u00e7\u00e3o por parte da C\u00e2mara de Macei\u00f3 e homologa\u00e7\u00e3o por parte do Executivo\u201d.<\/p>\n<p>A nota ainda salientou as pol\u00eamicas em torno do Plano Municipal de Educa\u00e7\u00e3o de Macei\u00f3.\u00a0 \u201cLamentamos as informa\u00e7\u00f5es inver\u00eddicas, amplamente divulgadas, a respeito do teor e dos objetivos do Plano Municipal de Educa\u00e7\u00e3o de Macei\u00f3\u201d.<\/p>\n<p>O documento p\u00fablico assinado pelo \u00a0Comed e o Sinpro\/AL\u00a0 afirma \u201ca necessidade de todos\/as atentarem para a valoriza\u00e7\u00e3o da vida e da dignidade humano [&#8230;] Educa\u00e7\u00e3o tem o deve de forma cidad\u00e3os conscientes, e sobretudo, desprovidos de qualquer formas de preconceito \u00e9tnicos, culturais, de g\u00eaneros e religiosos\u201d.<\/p>\n","protected":false},"excerpt":{"rendered":"<p>O Conselho Municipal de Educa\u00e7\u00e3o de Macei\u00f3 (Comed), o Sindicato dos Professores de Alagoas (Sinpro\/AL) e outras entidades destacaram em nota p\u00fablica a import\u00e2ncia da revis\u00e3o e o realinhamento do Plano Municipal de Educa\u00e7\u00e3o de Macei\u00f3. A nota alerta: \u201cComo um Plano de Estado, o Plano Municipal de Educa\u00e7\u00e3o de Macei\u00f3 \u00e9 par\u00e2metro central que [&hellip;]<\/p>\n","protected":false},"author":4,"featured_media":0,"comment_status":"open","ping_status":"open","sticky":false,"template":"","format":"standard","meta":{"footnotes":""},"categories":[1],"tags":[],"class_list":["post-883","post","type-post","status-publish","format-standard","hentry","category-sem-categoria"],"_links":{"self":[{"href":"http:\/\/sinpro-al.com.br\/v2\/index.php?rest_route=\/wp\/v2\/posts\/883","targetHints":{"allow":["GET"]}}],"collection":[{"href":"http:\/\/sinpro-al.com.br\/v2\/index.php?rest_route=\/wp\/v2\/posts"}],"about":[{"href":"http:\/\/sinpro-al.com.br\/v2\/index.php?rest_route=\/wp\/v2\/types\/post"}],"author":[{"embeddable":true,"href":"http:\/\/sinpro-al.com.br\/v2\/index.php?rest_route=\/wp\/v2\/users\/4"}],"replies":[{"embeddable":true,"href":"http:\/\/sinpro-al.com.br\/v2\/index.php?rest_route=%2Fwp%2Fv2%2Fcomments&post=883"}],"version-history":[{"count":1,"href":"http:\/\/sinpro-al.com.br\/v2\/index.php?rest_route=\/wp\/v2\/posts\/883\/revisions"}],"predecessor-version":[{"id":885,"href":"http:\/\/sinpro-al.com.br\/v2\/index.php?rest_route=\/wp\/v2\/posts\/883\/revisions\/885"}],"wp:attachment":[{"href":"http:\/\/sinpro-al.com.br\/v2\/index.php?rest_route=%2Fwp%2Fv2%2Fmedia&parent=883"}],"wp:term":[{"taxonomy":"category","embeddable":true,"href":"http:\/\/sinpro-al.com.br\/v2\/index.php?rest_route=%2Fwp%2Fv2%2Fcategories&post=883"},{"taxonomy":"post_tag","embeddable":true,"href":"http:\/\/sinpro-al.com.br\/v2\/index.php?rest_route=%2Fwp%2Fv2%2Ftags&post=883"}],"curies":[{"name":"wp","href":"https:\/\/api.w.org\/{rel}","templated":true}]}}