{"id":879,"date":"2015-06-30T14:50:26","date_gmt":"2015-06-30T17:50:26","guid":{"rendered":"http:\/\/sinpro-al.com.br\/v2\/?p=879"},"modified":"2015-06-30T14:50:26","modified_gmt":"2015-06-30T17:50:26","slug":"confira-o-que-foi-noticia-no-mes-de-junho-no-www-sinpro-al-com-br","status":"publish","type":"post","link":"http:\/\/sinpro-al.com.br\/v2\/?p=879","title":{"rendered":"Confira o que foi not\u00edcia no m\u00eas de junho no www.sinpro-al.com.br"},"content":{"rendered":"<p style=\"color: #141823;\"><a href=\"http:\/\/sinpro-al.com.br\/v2\/wp-content\/uploads\/2015\/06\/ascom-1.jpg\"><img loading=\"lazy\" decoding=\"async\" class=\"alignleft size-full wp-image-880\" src=\"http:\/\/sinpro-al.com.br\/v2\/wp-content\/uploads\/2015\/06\/ascom-1.jpg\" alt=\"ascom 1\" width=\"250\" height=\"211\" \/><\/a><\/p>\n<p style=\"color: #141823;\">Em defesa dos professores: Sinpro\/AL firma contrato com escrit\u00f3rio jur\u00eddico Onuki &amp; Gameleira<br \/>\n<a style=\"color: #3b5998;\" href=\"http:\/\/sinpro-al.com.br\/v2\/?p=768\" target=\"_blank\" rel=\"nofollow\">http:\/\/sinpro-al.com.br\/v2\/?p=768<\/a><\/p>\n<div class=\"text_exposed_show\" style=\"color: #141823;\">\n<p>Sinpro\/AL denuncia o n\u00e3o pagamento de FGTS do IESC<br \/>\n<a style=\"color: #3b5998;\" href=\"http:\/\/l.facebook.com\/l.php?u=http%3A%2F%2Fsinpro-al.com.br%2Fv2%2F%3Fp%3D771&amp;h=qAQHoV7Qv&amp;enc=AZMc1FAd9tSt-FyHLGdmZ5wLiNFgzuM-3OlvX2fstPQLL4X9m7sPLP_gl5R5FNbTfDr97avzEQz5rJdWfVubcvNsO5u69zWYmjnFl2GQLy77cJlsmnSp1TKPUbmA5qlxD1DMNCdFt8b4zjU3wkXM9UHOJbXfcG1uAPD7zlSsIQYrx24QhiYkPIX7GkvBo6-TXJCApLJikOeEI8DNtegw9ZN5&amp;s=1\" target=\"_blank\" rel=\"nofollow\">http:\/\/sinpro-al.com.br\/v2\/?p=771<\/a><\/p>\n<p>Sinpro\/AL solicita ao MPT media\u00e7\u00e3o de demiss\u00e3o em massa da Unirb<br \/>\n<a style=\"color: #3b5998;\" href=\"http:\/\/sinpro-al.com.br\/v2\/?p=774\" target=\"_blank\" rel=\"nofollow\">http:\/\/sinpro-al.com.br\/v2\/?p=774<\/a><\/p>\n<p>Professor sindicalizado ao Sinpro\/AL ter\u00e1 desconto em p\u00f3s-gradua\u00e7\u00e3o na Unit<br \/>\n<a style=\"color: #3b5998;\" href=\"http:\/\/l.facebook.com\/l.php?u=http%3A%2F%2Fsinpro-al.com.br%2Fv2%2F%3Fp%3D777&amp;h=PAQHIvk_e&amp;enc=AZPylhEaDbZu5DqPgTMebrLFbvk5kERk-3IpwajOPypNBXzGCgKHacb-FvKAgSnOPqL9F3xWdWXny7zLtLHTXp32Wbq_YMLMA8Y0nD0ubWUYOZpkkHB776PtLNaFaWgn5F0mIIcJ-Dtkh0b8RYce5oAs6u1A8yZCckMM6pDKaI73UuFIHMqkQHcLVFnmFw3kAe0C_TBBkLND95CuPEXZf3ys&amp;s=1\" target=\"_blank\" rel=\"nofollow\">http:\/\/sinpro-al.com.br\/v2\/?p=777<\/a><\/p>\n<p>Sinpro\/AL e Cerest firmam parceria para sa\u00fade preventiva do professor<br \/>\n<a style=\"color: #3b5998;\" href=\"http:\/\/sinpro-al.com.br\/v2\/?p=781\" target=\"_blank\" rel=\"nofollow\">http:\/\/sinpro-al.com.br\/v2\/?p=781<\/a><\/p>\n<p>5\u00ba Forr\u00f3 do Fess\u00f4 \u00e9 na sexta-feira (12\/06); voc\u00ea n\u00e3o pode perder!<br \/>\n<a style=\"color: #3b5998;\" href=\"http:\/\/sinpro-al.com.br\/v2\/?p=785\" target=\"_blank\" rel=\"nofollow\">http:\/\/sinpro-al.com.br\/v2\/?p=785<\/a><\/p>\n<p>Assembleia ser\u00e1 realizada no dia 20 de junho<br \/>\n<a style=\"color: #3b5998;\" href=\"http:\/\/sinpro-al.com.br\/v2\/?p=792\" target=\"_blank\" rel=\"nofollow\">http:\/\/sinpro-al.com.br\/v2\/?p=792<\/a><\/p>\n<p>Sinpro\/AL denuncia irregularidades no Montessori<br \/>\n<a style=\"color: #3b5998;\" href=\"http:\/\/sinpro-al.com.br\/v2\/?p=795\" target=\"_blank\" rel=\"nofollow\">http:\/\/sinpro-al.com.br\/v2\/?p=795<\/a><\/p>\n<p>Sinpro\/AL informa SEDS da inseguran\u00e7a pr\u00f3ximo ao Montessori<br \/>\n<a style=\"color: #3b5998;\" href=\"http:\/\/l.facebook.com\/l.php?u=http%3A%2F%2Fsinpro-al.com.br%2Fv2%2F%3Fp%3D798&amp;h=6AQH-hh-w&amp;enc=AZMiXZsrPUrJysYv_mN4doD8o0G7xYlHRxEz9ETNADiLuVhfoNeEI-zGEGR4fWvA8bcqnApFZKoqPrkmetHRzbDmYqYaMViY3n7hu86VR0GWt96h7BDBnq8Z-wJnzrY58OhyJERou6tNnL5j0WaGN64uB_lywcQIR471L4IXms8te1MS-b95_4V4wMiXWOfXtsYw4NcoAARB1Wyz0orrmzVd&amp;s=1\" target=\"_blank\" rel=\"nofollow\">http:\/\/sinpro-al.com.br\/v2\/?p=798<\/a><\/p>\n<p>Nova gest\u00e3o do Sinpro\/AL completa um m\u00eas de atua\u00e7\u00e3o<br \/>\n<a style=\"color: #3b5998;\" href=\"http:\/\/l.facebook.com\/l.php?u=http%3A%2F%2Fsinpro-al.com.br%2Fv2%2F%3Fp%3D801&amp;h=sAQG25-fb&amp;enc=AZM04U7MUTukmCenCNhs8msxt_56_hyk-kf1pJn9Lce03lw_mvl8RK0nOTScyU5sEy-RTvPZ1fCtcl0LRzufkK-qUS41ypKijAD7HhPhsKt2vjXjzof37XX2_KXKmyKTElEt3QdehcIWlVezx_Sw4BwApEY1_V4dV-L3YXR-WuLFOLva8a-REr7oHDlEHF0KKdFOQrgMqjKhpzSLMqU2-tuy&amp;s=1\" target=\"_blank\" rel=\"nofollow\">http:\/\/sinpro-al.com.br\/v2\/?p=801<\/a><\/p>\n<p>Sinpro\/AL define acordo coletivo da Est\u00e1cio e Unit na pr\u00f3xima semana<br \/>\n<a style=\"color: #3b5998;\" href=\"http:\/\/l.facebook.com\/l.php?u=http%3A%2F%2Fsinpro-al.com.br%2Fv2%2F%3Fp%3D804&amp;h=3AQHYYily&amp;enc=AZOptSgaUXmbiU5LJzz_UgivkmBtAGsrkTjyNPqWNCrIuB1yHCuDYmwaO3A46Okk49tkRPzK-rPTrgoIeUBG1gYxqj-7FW-TB7hud7AOj1leuNwco_2g_rUJGOTlRIwaAiUXZiRTeBHJPYDvJiCgTmueTFXMobhe51caydxx46xdHCEyLEQFyFEw7W7xKOHvtAzPL_xHcrtiUmJDh3E_zFkx&amp;s=1\" target=\"_blank\" rel=\"nofollow\">http:\/\/sinpro-al.com.br\/v2\/?p=804<\/a><\/p>\n<p>Sinpro\/AL realizar\u00e1 \u201cfor\u00e7a tarefa\u201d para constatar irregularidades em escolas na rede privada<br \/>\n<a style=\"color: #3b5998;\" href=\"http:\/\/l.facebook.com\/l.php?u=http%3A%2F%2Fsinpro-al.com.br%2Fv2%2F%3Fp%3D807&amp;h=sAQG25-fb&amp;enc=AZPbHd7KV8f0D9XD9JGU-yUMlBe_v1QmqVHxB4P490X7ZjHdxYth0LAHy2wIPeIp4Zpr-5wX__IkltZ5SSCQqqnGsWR4TaUwtuYOVhm3NRutVFY_cld4vP5RJmLlrrw4ut_X2D9AzvLNS2-IbpLcxKX9nVnNDzOwhDOUCqVX30kLeZPL4p7r_XSnTGXYXNfDbc954f_nFuXBEXFirI1cz7dM&amp;s=1\" target=\"_blank\" rel=\"nofollow\">http:\/\/sinpro-al.com.br\/v2\/?p=807<\/a><\/p>\n<p>Planejamento estrat\u00e9gico do Sinpro\/AL ser\u00e1 debatido entre os dias 13 e 14\/06<br \/>\n<a style=\"color: #3b5998;\" href=\"http:\/\/l.facebook.com\/l.php?u=http%3A%2F%2Fsinpro-al.com.br%2Fv2%2F%3Fp%3D810&amp;h=3AQHYYily&amp;enc=AZPHFJvmTQdULkhn39krJVadejyOdvsx0CoCYmGUQThiU5w3xjIImghvdrK-eU-_u1xhNR7IfNzPJfyz6ysyJ_p794sDIls1kiIWdXteMmjF6PF88t6OLqidMewVudkDWWvFOrsxgmTJely3TGQxhSEs08d1IxRR_WL2CddOFyH5TDEGeVnlwQ3HcovTedZ5EezqlWsnp5U6o9QMPZZQTQY2&amp;s=1\" target=\"_blank\" rel=\"nofollow\">http:\/\/sinpro-al.com.br\/v2\/?p=810<\/a><\/p>\n<p>5\u00ba Forr\u00f3 do Fess\u00f4 \u00e9 amanh\u00e3 (12\/06); voc\u00ea n\u00e3o pode perder!<br \/>\n<a style=\"color: #3b5998;\" href=\"http:\/\/l.facebook.com\/l.php?u=http%3A%2F%2Fsinpro-al.com.br%2Fv2%2F%3Fp%3D813&amp;h=TAQH54VND&amp;enc=AZOGXz1D67-XVY56lElIf9LrPHnR0lXD44vs_eEHtM7nF-ouSmXXVdTrCxDY06bdhjl7C8DWNPSz0UtuS9F9w5c_J5u-kJVBnDdBwq7xpkrw3ArHJ3Vf6Pvh2606JQBNHzv_0wOBb9p30UG8t8qRcz83vokKTw4a9MHQ34RrSzvxXYRqjis_ifDD--Kz36vZjUFxpSczsgty4k78CRgKEqYJ&amp;s=1\" target=\"_blank\" rel=\"nofollow\">http:\/\/sinpro-al.com.br\/v2\/?p=813<\/a><\/p>\n<p>Nota de falecimento<br \/>\n<a style=\"color: #3b5998;\" href=\"http:\/\/l.facebook.com\/l.php?u=http%3A%2F%2Fsinpro-al.com.br%2Fv2%2F%3Fp%3D816&amp;h=CAQHIhCIk&amp;enc=AZOV7E5grZbvW4TjPWTF5iUZYbEvnPLKJNREftVmxodS7nOuu1mB4Eoa00sHzGPCJtnXoMLw2obqRMG5RVyIC0ntqAin7l6Sl76bb8yYBFH9c7i_7QfQ-2nzAreh-lYLAje48kjNbeO9HMwEO09dfi9Z1e5X7OYNKQqWmYMOpCsbIjv79myssEK3LYdX2b6QJQ4MjwMN71y_Y3UOvUIRL9dy&amp;s=1\" target=\"_blank\" rel=\"nofollow\">http:\/\/sinpro-al.com.br\/v2\/?p=816<\/a><\/p>\n<p>MPT vai inspecionar escolas; pedido foi realizado pelo Sinpro\/AL<br \/>\n<a style=\"color: #3b5998;\" href=\"http:\/\/sinpro-al.com.br\/v2\/?p=820\" target=\"_blank\" rel=\"nofollow\">http:\/\/sinpro-al.com.br\/v2\/?p=820<\/a><\/p>\n<p>Sinpro Solid\u00e1rio apoia o Cursinho Comunit\u00e1rio QI de Delmiro Gouveia<br \/>\n<a style=\"color: #3b5998;\" href=\"http:\/\/l.facebook.com\/l.php?u=http%3A%2F%2Fsinpro-al.com.br%2Fv2%2F%3Fpaged%3D2&amp;h=8AQGvojZj&amp;enc=AZMBKbRWk3CrDssVJmRDePQCiVXJLdJWOw7ZVRJyTehFQuZqcIFOu74rLVRsJGrWaFzTD17MoWQ06gXv9Gna0C7sZQpRTWDRiip__1mFGz2PGgMKGZv5yLKswEFfnJ7t55vV6-JC09I1ByPjV5lOOvV6f7U0ylHg3W0bPEXEom0tSA0wZsWETKK3GZ0YH2UqXSH3Hr6a-Yg7Y4drXosi13c1&amp;s=1\" target=\"_blank\" rel=\"nofollow\">http:\/\/sinpro-al.com.br\/v2\/?paged=2<\/a><\/p>\n<p>Sinpro\/AL notifica escola no Jacintinho<br \/>\n<a style=\"color: #3b5998;\" href=\"http:\/\/l.facebook.com\/l.php?u=http%3A%2F%2Fsinpro-al.com.br%2Fv2%2F%3Fp%3D834&amp;h=WAQFC1x_I&amp;enc=AZPSySSV_KiFriWKhSdhNBsupTEn9Elqy78f586tcl8UIf9ZNMw7H4s9yYQT9vCNEmI9DLqLVWXPQ-0RdBSuHOXAAgCSoS4wOhRnUBZohGklnGm7vwckrUqDI7RXv3CqROQAEHsqlQXtnA24o6vm6Ok5EYggS23nguyY1Y6b3MDzUUR4_MhVuEXABHlz4NPhy3Ska-1IgChYtL2qyADa9wSx&amp;s=1\" target=\"_blank\" rel=\"nofollow\">http:\/\/sinpro-al.com.br\/v2\/?p=834<\/a><br \/>\nSinpro\/AL investe em programa de gest\u00e3o para sindicatos<br \/>\n<a style=\"color: #3b5998;\" href=\"http:\/\/l.facebook.com\/l.php?u=http%3A%2F%2Fsinpro-al.com.br%2Fv2%2F%3Fp%3D836&amp;h=JAQGaD7T_&amp;enc=AZNJyTyID7Jwc9xNPAUqCW7uOUcvxnYcWx4HMeYV8NNDPBJdwQniRzWUDXulrIGKI7bs6zvXqw4x1e9czuHRldSFOE-RFoWRvUC5DJtCJSPX4hIa5QK9tCFN7--qnI2hbC-m_UeUB-11nqxG6cDiI2NQSj0c_arVY2Ya9oDQUapEkY7t_u-LeHHM1GpgisnkglzNFIyEXQ6mA-QeodcAeuKo&amp;s=1\" target=\"_blank\" rel=\"nofollow\">http:\/\/sinpro-al.com.br\/v2\/?p=836<\/a><\/p>\n<p>Posse solene da nova diretoria do Sinpro ocorreu durante o \u201cForr\u00f3 do Fess\u00f4\u201d<br \/>\n<a style=\"color: #3b5998;\" href=\"http:\/\/l.facebook.com\/l.php?u=http%3A%2F%2Fsinpro-al.com.br%2Fv2%2F%3Fp%3D842&amp;h=vAQEytOJK&amp;enc=AZN4Vta-kkgXmaEtFFN2vglr8D2iydxn6fEBU4hNrWbWb0HUntGdiHs2-LMjXXtHIqBfZuZ-ikqqP1GtTP2zxFdpnx44ZyjvUGXarVRllir0g3GtMajDqU6mdq0TM8o01dgjx-doKUZefyno1LON30J_Xx8IHqHRFM8Z8wYDWW80wlZpxBkWryH8b_2m8dFvRenqwb4tCcD3nedXwmU92aUo&amp;s=1\" target=\"_blank\" rel=\"nofollow\">http:\/\/sinpro-al.com.br\/v2\/?p=842<\/a><\/p>\n<p>Comunicado de recesso<br \/>\n<a style=\"color: #3b5998;\" href=\"http:\/\/l.facebook.com\/l.php?u=http%3A%2F%2Fsinpro-al.com.br%2Fv2%2F%3Fp%3D848&amp;h=rAQGyqIwD&amp;enc=AZPEcT2EynoWUsE89oLUBb-I7WuA8st3T8c6KyyAOxhEhU9X24fYD33JOjAY4MM5ggQmGmN3ZV2Omj8zzQN407AUXOVd5qAoQZIUaFR_KtP06GpJbDvokxGA3uM7EHzEJpW1BxfaHh9uhS4E2aOWN8OfDNml01AnUzsxJEOZUzBM8MoJ7cszLWKstXdOmG-z2Ss64hpZO0bW1pqTj9SmmxJ7&amp;s=1\" target=\"_blank\" rel=\"nofollow\">http:\/\/sinpro-al.com.br\/v2\/?p=848<\/a><\/p>\n<p>Planejamento estrat\u00e9gico do Sinpro \u00e9 discutido<br \/>\n<a style=\"color: #3b5998;\" href=\"http:\/\/l.facebook.com\/l.php?u=http%3A%2F%2Fsinpro-al.com.br%2Fv2%2F%3Fp%3D852&amp;h=LAQHxAs2x&amp;enc=AZNHSi1cja1BrY-fiSKzrj6pHDDuKJWquX39eK7bjRr3_05jqab8oklA24ebX3Jj4ARzvGHCJx23-Ef2MucS7THETV2lQcHwwEfXZcbCEZmGo5ieNA_KO8jR72hdPzIXR47OH2HSuinPQXODeMV0tOk1uY4H1FG74zleYFT-DlGsEs-w6uUE9UFzmbo1WPXVtaIhny6y0eTFocX0jneILAWj&amp;s=1\" target=\"_blank\" rel=\"nofollow\">http:\/\/sinpro-al.com.br\/v2\/?p=852<\/a><\/p>\n<p>N\u00facleo de Apoio Psicol\u00f3gico aos Professores come\u00e7a a ser planejado no Sinpro\/AL<br \/>\n<a style=\"color: #3b5998;\" href=\"http:\/\/l.facebook.com\/l.php?u=http%3A%2F%2Fsinpro-al.com.br%2Fv2%2F%3Fp%3D855&amp;h=BAQEibtXU&amp;enc=AZNTZeByskCM_tUUZ6ykhfh2kwILeHC1J-LzFaT1FHmaPGf2Eizrp2qly7kgIfvn16X9tt6BU6yWU0W3YKTb0XxROLr3m0edfSqCC3oFOcNd0OjwgiZbRMn3DpIrGtmdVIPLHvzuAULq7AU_InIaxT8RT2JXh-Z8owh8_E7dbjdmPvctH5LDvfyva9NsE728Tc28Q2I1kTRczGlveROreS4I&amp;s=1\" target=\"_blank\" rel=\"nofollow\">http:\/\/sinpro-al.com.br\/v2\/?p=855<\/a><\/p>\n<p>Sinpro\/AL retoma as atividades na ter\u00e7a-feria (30\/6)<br \/>\n<a style=\"color: #3b5998;\" href=\"http:\/\/l.facebook.com\/l.php?u=http%3A%2F%2Fsinpro-al.com.br%2Fv2%2F%3Fp%3D863&amp;h=_AQEExecI&amp;enc=AZOU0tnJPxaeTKtDmekOjwaRtPz_fHfgPmN4IbsKafPOLDFgVL9fCe7rS6gmJH7UOYorTMJGPZ94_8wYScv8wRiCOu_c33s6ZlssNkHf8oahf3ud1xsMi370KyJm1oTb9GaOmSltM72GGomHiB6S7JiGw2hnvaMzdiJLLLBbtHavNfugU5lOSHn40XKNNHtiDMHxtmPxYqarT-_6sKHF1plb&amp;s=1\" target=\"_blank\" rel=\"nofollow\">http:\/\/sinpro-al.com.br\/v2\/?p=863<\/a><\/p>\n<p>Professores devem gozar os feriados dos dias 24 e 29 de junho<br \/>\n<a style=\"color: #3b5998;\" href=\"http:\/\/l.facebook.com\/l.php?u=http%3A%2F%2Fsinpro-al.com.br%2Fv2%2F%3Fp%3D865&amp;h=GAQHBlDdL&amp;enc=AZORx79loZYAtjjXi-Dvdoa9D8AIgLaU-NH_wU3OB-oyXQvFN5Q67Ufw3cpb71urH9fT9s_FWf4dHkMoTGTHiMQGxsmxhhFV4KvoyGGdoSY0-FcEyFF25mFlD4B6gyPGzTlqunqV0LSWWh-YBiCiNF3116Cq-4yGBMMtw4xaRykaE1C5UNHqKCoiu5IlZa9FWFv8QInbqdFu-iK4abIruKO4&amp;s=1\" target=\"_blank\" rel=\"nofollow\">http:\/\/sinpro-al.com.br\/v2\/?p=865<\/a><\/p>\n<p>Sinpro\/AL ir\u00e1 representar col\u00e9gio Atheneu na Justi\u00e7a do Trabalho<br \/>\n<a style=\"color: #3b5998;\" href=\"http:\/\/sinpro-al.com.br\/v2\/?p=868\" target=\"_blank\" rel=\"nofollow\">http:\/\/sinpro-al.com.br\/v2\/?p=868<\/a><\/p>\n<p>Lei da morda\u00e7a: Projeto de Lei prev\u00ea pris\u00e3o para professores<br \/>\n<a style=\"color: #3b5998;\" href=\"http:\/\/sinpro-al.com.br\/v2\/?p=872\" target=\"_blank\" rel=\"nofollow\">http:\/\/sinpro-al.com.br\/v2\/?p=872<\/a><\/p>\n<p>Diretores do Sinpro\/AL participam de encontro da Contee em Santa Catarina<br \/>\n<a style=\"color: #3b5998;\" href=\"http:\/\/l.facebook.com\/l.php?u=http%3A%2F%2Fsinpro-al.com.br%2Fv2%2F%3Fp%3D876&amp;h=ZAQHv8KqL&amp;enc=AZOOCHrkYKDYSF5IDG-ppfKxmamGMKmfQWdzfAlKKAfekwFabzeF1q1Tn54ezjw7gaCktYP4Nj4gWV9y2-bwAWK9xPRpimgEhJyK3LJZu9pgtQWdPNofptzDwW4gnJG_igAuMwFtv3S7rPFJO5Js4fraRYqgqv-SUTBm6vPoekhtGJepGUW_u47umv0ZWpHzals4K9ZXlIWR9vD7Ojxxh6AV&amp;s=1\" target=\"_blank\" rel=\"nofollow\">http:\/\/sinpro-al.com.br\/v2\/?p=876<\/a><\/p>\n<\/div>\n","protected":false},"excerpt":{"rendered":"<p>Em defesa dos professores: Sinpro\/AL firma contrato com escrit\u00f3rio jur\u00eddico Onuki &amp; Gameleira http:\/\/sinpro-al.com.br\/v2\/?p=768 Sinpro\/AL denuncia o n\u00e3o pagamento de FGTS do IESC http:\/\/sinpro-al.com.br\/v2\/?p=771 Sinpro\/AL solicita ao MPT media\u00e7\u00e3o de demiss\u00e3o em massa da Unirb http:\/\/sinpro-al.com.br\/v2\/?p=774 Professor sindicalizado ao Sinpro\/AL ter\u00e1 desconto em p\u00f3s-gradua\u00e7\u00e3o na Unit http:\/\/sinpro-al.com.br\/v2\/?p=777 Sinpro\/AL e Cerest firmam parceria para sa\u00fade preventiva [&hellip;]<\/p>\n","protected":false},"author":4,"featured_media":0,"comment_status":"open","ping_status":"open","sticky":false,"template":"","format":"standard","meta":{"footnotes":""},"categories":[1],"tags":[],"class_list":["post-879","post","type-post","status-publish","format-standard","hentry","category-sem-categoria"],"_links":{"self":[{"href":"http:\/\/sinpro-al.com.br\/v2\/index.php?rest_route=\/wp\/v2\/posts\/879","targetHints":{"allow":["GET"]}}],"collection":[{"href":"http:\/\/sinpro-al.com.br\/v2\/index.php?rest_route=\/wp\/v2\/posts"}],"about":[{"href":"http:\/\/sinpro-al.com.br\/v2\/index.php?rest_route=\/wp\/v2\/types\/post"}],"author":[{"embeddable":true,"href":"http:\/\/sinpro-al.com.br\/v2\/index.php?rest_route=\/wp\/v2\/users\/4"}],"replies":[{"embeddable":true,"href":"http:\/\/sinpro-al.com.br\/v2\/index.php?rest_route=%2Fwp%2Fv2%2Fcomments&post=879"}],"version-history":[{"count":1,"href":"http:\/\/sinpro-al.com.br\/v2\/index.php?rest_route=\/wp\/v2\/posts\/879\/revisions"}],"predecessor-version":[{"id":881,"href":"http:\/\/sinpro-al.com.br\/v2\/index.php?rest_route=\/wp\/v2\/posts\/879\/revisions\/881"}],"wp:attachment":[{"href":"http:\/\/sinpro-al.com.br\/v2\/index.php?rest_route=%2Fwp%2Fv2%2Fmedia&parent=879"}],"wp:term":[{"taxonomy":"category","embeddable":true,"href":"http:\/\/sinpro-al.com.br\/v2\/index.php?rest_route=%2Fwp%2Fv2%2Fcategories&post=879"},{"taxonomy":"post_tag","embeddable":true,"href":"http:\/\/sinpro-al.com.br\/v2\/index.php?rest_route=%2Fwp%2Fv2%2Ftags&post=879"}],"curies":[{"name":"wp","href":"https:\/\/api.w.org\/{rel}","templated":true}]}}