{"id":868,"date":"2015-06-22T16:03:56","date_gmt":"2015-06-22T19:03:56","guid":{"rendered":"http:\/\/sinpro-al.com.br\/v2\/?p=868"},"modified":"2015-06-22T16:10:39","modified_gmt":"2015-06-22T19:10:39","slug":"sinproal-ira-representar-colegio-atheneu-na-justica-do-trabalho","status":"publish","type":"post","link":"http:\/\/sinpro-al.com.br\/v2\/?p=868","title":{"rendered":"Sinpro\/AL ir\u00e1 representar col\u00e9gio Atheneu na Justi\u00e7a do Trabalho"},"content":{"rendered":"<p><a href=\"http:\/\/sinpro-al.com.br\/v2\/wp-content\/uploads\/2015\/06\/gfdgdg6rt.jpg\"><img loading=\"lazy\" decoding=\"async\" class=\"alignleft  wp-image-869\" src=\"http:\/\/sinpro-al.com.br\/v2\/wp-content\/uploads\/2015\/06\/gfdgdg6rt-300x225.jpg\" alt=\"gfdgdg6rt\" width=\"250\" height=\"188\" srcset=\"http:\/\/sinpro-al.com.br\/v2\/wp-content\/uploads\/2015\/06\/gfdgdg6rt-300x225.jpg 300w, http:\/\/sinpro-al.com.br\/v2\/wp-content\/uploads\/2015\/06\/gfdgdg6rt-1024x768.jpg 1024w, http:\/\/sinpro-al.com.br\/v2\/wp-content\/uploads\/2015\/06\/gfdgdg6rt.jpg 1280w\" sizes=\"auto, (max-width: 250px) 100vw, 250px\" \/><\/a>Desrespeito, intimida\u00e7\u00e3o e ass\u00e9dio moral. A diretoria do Sindicato dos Professores de Alagoas (Sinpro\/AL) p\u00f4de detectar uma s\u00e9rie de irregularidades contra os professores do col\u00e9gio Atheneu, em Macei\u00f3. Numa clara tentativa de intimida\u00e7\u00e3o, a dire\u00e7\u00e3o da institui\u00e7\u00e3o de ensino fixou na sala dos professores uma cartilha inibindo os educadores assinada pelo diretor\/propriet\u00e1rio da escola, Jos\u00e9 Bezerra de Siqueira.<\/p>\n<p>A carta diz: \u201cBom dia, Professor. O senhor um excelente profissional. Sei que suas faltas foram por motivo de grande necessidade, mas eu n\u00e3o tenho como justific\u00e1-las aos pais e aos alunos. Se voc\u00ea tiver que faltar de novo ou chegar atrasado, por melhor que seja o seu servi\u00e7o, estou lhe agradecendo por ele. Jos\u00e9 Bezerra de Siqueira\u201d.<\/p>\n<p>O Sindicato dos Professores encaminhou notifica\u00e7\u00e3o para o col\u00e9gio Atheneu para que a pr\u00e1tica n\u00e3o se repita. O presidente do Sinpro\/AL, Eduardo Vasconcelos, disse que ap\u00f3s o recesso do Sindicato, as medidas cab\u00edveis contra o col\u00e9gio Atheneu ser\u00e3o tomadas na Justi\u00e7a Trabalhista.<\/p>\n<p>\u201cA\u00e7\u00e3o judicial \u00e9 pedag\u00f3gica e que sirva de aprendizado. Todos os professores merecem respeito\u201d, exclamou Eduardo.<\/p>\n","protected":false},"excerpt":{"rendered":"<p>Desrespeito, intimida\u00e7\u00e3o e ass\u00e9dio moral. A diretoria do Sindicato dos Professores de Alagoas (Sinpro\/AL) p\u00f4de detectar uma s\u00e9rie de irregularidades contra os professores do col\u00e9gio Atheneu, em Macei\u00f3. Numa clara tentativa de intimida\u00e7\u00e3o, a dire\u00e7\u00e3o da institui\u00e7\u00e3o de ensino fixou na sala dos professores uma cartilha inibindo os educadores assinada pelo diretor\/propriet\u00e1rio da escola, Jos\u00e9 [&hellip;]<\/p>\n","protected":false},"author":4,"featured_media":0,"comment_status":"open","ping_status":"open","sticky":false,"template":"","format":"standard","meta":{"footnotes":""},"categories":[4],"tags":[],"class_list":["post-868","post","type-post","status-publish","format-standard","hentry","category-noticias-sinpro-al"],"_links":{"self":[{"href":"http:\/\/sinpro-al.com.br\/v2\/index.php?rest_route=\/wp\/v2\/posts\/868","targetHints":{"allow":["GET"]}}],"collection":[{"href":"http:\/\/sinpro-al.com.br\/v2\/index.php?rest_route=\/wp\/v2\/posts"}],"about":[{"href":"http:\/\/sinpro-al.com.br\/v2\/index.php?rest_route=\/wp\/v2\/types\/post"}],"author":[{"embeddable":true,"href":"http:\/\/sinpro-al.com.br\/v2\/index.php?rest_route=\/wp\/v2\/users\/4"}],"replies":[{"embeddable":true,"href":"http:\/\/sinpro-al.com.br\/v2\/index.php?rest_route=%2Fwp%2Fv2%2Fcomments&post=868"}],"version-history":[{"count":1,"href":"http:\/\/sinpro-al.com.br\/v2\/index.php?rest_route=\/wp\/v2\/posts\/868\/revisions"}],"predecessor-version":[{"id":870,"href":"http:\/\/sinpro-al.com.br\/v2\/index.php?rest_route=\/wp\/v2\/posts\/868\/revisions\/870"}],"wp:attachment":[{"href":"http:\/\/sinpro-al.com.br\/v2\/index.php?rest_route=%2Fwp%2Fv2%2Fmedia&parent=868"}],"wp:term":[{"taxonomy":"category","embeddable":true,"href":"http:\/\/sinpro-al.com.br\/v2\/index.php?rest_route=%2Fwp%2Fv2%2Fcategories&post=868"},{"taxonomy":"post_tag","embeddable":true,"href":"http:\/\/sinpro-al.com.br\/v2\/index.php?rest_route=%2Fwp%2Fv2%2Ftags&post=868"}],"curies":[{"name":"wp","href":"https:\/\/api.w.org\/{rel}","templated":true}]}}