{"id":865,"date":"2015-06-22T15:29:40","date_gmt":"2015-06-22T18:29:40","guid":{"rendered":"http:\/\/sinpro-al.com.br\/v2\/?p=865"},"modified":"2015-06-22T16:12:32","modified_gmt":"2015-06-22T19:12:32","slug":"professores-devem-gozar-os-feriados-dos-dias-24-e-29-de-junho","status":"publish","type":"post","link":"http:\/\/sinpro-al.com.br\/v2\/?p=865","title":{"rendered":"Professores devem gozar os feriados dos dias 24 e 29 de junho"},"content":{"rendered":"<p><a href=\"http:\/\/sinpro-al.com.br\/v2\/wp-content\/uploads\/2015\/06\/feriado.jpg\"><img loading=\"lazy\" decoding=\"async\" class=\"alignleft  wp-image-866\" src=\"http:\/\/sinpro-al.com.br\/v2\/wp-content\/uploads\/2015\/06\/feriado-300x64.jpg\" alt=\"feriado\" width=\"370\" height=\"79\" srcset=\"http:\/\/sinpro-al.com.br\/v2\/wp-content\/uploads\/2015\/06\/feriado-300x64.jpg 300w, http:\/\/sinpro-al.com.br\/v2\/wp-content\/uploads\/2015\/06\/feriado.jpg 921w\" sizes=\"auto, (max-width: 370px) 100vw, 370px\" \/><\/a>Todos os estabelecimentos de ensino privado de Alagoas devem respeitar os feriados para os professores no dias 24 e 29 deste m\u00eas. Qualquer remanejamento de data \u00e9 ilegal, pois j\u00e1 foi discuto e determinado em conven\u00e7\u00e3o coletiva que as escolas e centros de ensino superior devem respeitas os feriados municipais, estaduais e nacionais.<\/p>\n<p>Caso qualquer institui\u00e7\u00e3o de ensino venha descumprir as regras, o Sindicato dos Professores de Alagoas (Sipro\/AL) ir\u00e1 tomar as medidas cab\u00edveis junto aos \u00f3rg\u00e3os competentes.<\/p>\n<p>O Sinpro\/AL segue atento para que os educadores n\u00e3o sejam explorados e enganados em seus ambientes de trabalho. Todas as determina\u00e7\u00f5es trabalhistas devem ser respeitadas.<\/p>\n","protected":false},"excerpt":{"rendered":"<p>Todos os estabelecimentos de ensino privado de Alagoas devem respeitar os feriados para os professores no dias 24 e 29 deste m\u00eas. Qualquer remanejamento de data \u00e9 ilegal, pois j\u00e1 foi discuto e determinado em conven\u00e7\u00e3o coletiva que as escolas e centros de ensino superior devem respeitas os feriados municipais, estaduais e nacionais. Caso qualquer [&hellip;]<\/p>\n","protected":false},"author":4,"featured_media":0,"comment_status":"open","ping_status":"open","sticky":false,"template":"","format":"standard","meta":{"footnotes":""},"categories":[4],"tags":[],"class_list":["post-865","post","type-post","status-publish","format-standard","hentry","category-noticias-sinpro-al"],"_links":{"self":[{"href":"http:\/\/sinpro-al.com.br\/v2\/index.php?rest_route=\/wp\/v2\/posts\/865","targetHints":{"allow":["GET"]}}],"collection":[{"href":"http:\/\/sinpro-al.com.br\/v2\/index.php?rest_route=\/wp\/v2\/posts"}],"about":[{"href":"http:\/\/sinpro-al.com.br\/v2\/index.php?rest_route=\/wp\/v2\/types\/post"}],"author":[{"embeddable":true,"href":"http:\/\/sinpro-al.com.br\/v2\/index.php?rest_route=\/wp\/v2\/users\/4"}],"replies":[{"embeddable":true,"href":"http:\/\/sinpro-al.com.br\/v2\/index.php?rest_route=%2Fwp%2Fv2%2Fcomments&post=865"}],"version-history":[{"count":1,"href":"http:\/\/sinpro-al.com.br\/v2\/index.php?rest_route=\/wp\/v2\/posts\/865\/revisions"}],"predecessor-version":[{"id":867,"href":"http:\/\/sinpro-al.com.br\/v2\/index.php?rest_route=\/wp\/v2\/posts\/865\/revisions\/867"}],"wp:attachment":[{"href":"http:\/\/sinpro-al.com.br\/v2\/index.php?rest_route=%2Fwp%2Fv2%2Fmedia&parent=865"}],"wp:term":[{"taxonomy":"category","embeddable":true,"href":"http:\/\/sinpro-al.com.br\/v2\/index.php?rest_route=%2Fwp%2Fv2%2Fcategories&post=865"},{"taxonomy":"post_tag","embeddable":true,"href":"http:\/\/sinpro-al.com.br\/v2\/index.php?rest_route=%2Fwp%2Fv2%2Ftags&post=865"}],"curies":[{"name":"wp","href":"https:\/\/api.w.org\/{rel}","templated":true}]}}