{"id":855,"date":"2015-06-18T13:49:45","date_gmt":"2015-06-18T16:49:45","guid":{"rendered":"http:\/\/sinpro-al.com.br\/v2\/?p=855"},"modified":"2015-06-18T15:23:40","modified_gmt":"2015-06-18T18:23:40","slug":"nucleo-de-apoio-psicologico-ao-professor-comeca-a-ser-planejado-no-sinproal","status":"publish","type":"post","link":"http:\/\/sinpro-al.com.br\/v2\/?p=855","title":{"rendered":"N\u00facleo de Apoio Psicol\u00f3gico aos Professores come\u00e7a a ser planejado no Sinpro\/AL"},"content":{"rendered":"<div id=\"attachment_856\" style=\"width: 310px\" class=\"wp-caption alignleft\"><a href=\"http:\/\/sinpro-al.com.br\/v2\/wp-content\/uploads\/2015\/06\/psc.jpg\"><img loading=\"lazy\" decoding=\"async\" aria-describedby=\"caption-attachment-856\" class=\"wp-image-856 size-medium\" src=\"http:\/\/sinpro-al.com.br\/v2\/wp-content\/uploads\/2015\/06\/psc-300x168.jpg\" alt=\"psc\" width=\"300\" height=\"168\" srcset=\"http:\/\/sinpro-al.com.br\/v2\/wp-content\/uploads\/2015\/06\/psc-300x168.jpg 300w, http:\/\/sinpro-al.com.br\/v2\/wp-content\/uploads\/2015\/06\/psc-1024x576.jpg 1024w, http:\/\/sinpro-al.com.br\/v2\/wp-content\/uploads\/2015\/06\/psc.jpg 1280w\" sizes=\"auto, (max-width: 300px) 100vw, 300px\" \/><\/a><p id=\"caption-attachment-856\" class=\"wp-caption-text\">Eklivann Costa e Albery Lima<\/p><\/div>\n<p>O Sindicato dos Professores de Alagoas (Sinpro\/AL) atrav\u00e9s do psic\u00f3logo \u00a0Eklivann Costa (CRP 2444) e do graduando em psicologia Albery Lima discutiram em conjunto com presidente do Sinpro\/AL, Eduardo Vasconcelos, a implanta\u00e7\u00e3o do N\u00facleo de Apoio Psicol\u00f3gico aos Professores. A medida visa diagnosticar os professores com problemas psicol\u00f3gicos e realizar\u00a0estudos \u00a0estat\u00edsticos sobre os\u00a0principais problemas e suas causas.<\/p>\n<p>Temas como a s\u00edndrome de Burnout\u00a0ser\u00e3o futuramente colocados para toda categoria; o problema atinge milhares de educadores, onde muitos nem sabem a origem e o\u00a0tratamento. \u201cEsses estudos e a cria\u00e7\u00e3o do N\u00facleo ser\u00e3o de suma import\u00e2ncia para sa\u00fade do educador. N\u00e3o podemos permitir que os professores sejam tratados como m\u00e1quinas de produ\u00e7\u00e3o em s\u00e9rie. Por tr\u00e1s do professor existe uma vida, uma fam\u00edlia. Todos merecem ser bem tratados e cuidados\u201d, enfatizou Eduardo.<\/p>\n<p><strong>O que \u00e9\u00a0\u00a0Burnout\u00a0?<\/strong><\/p>\n<p>\u00c9 um\u00a0dist\u00farbio ps\u00edquico\u00a0de car\u00e1ter depressivo, precedido de esgotamento f\u00edsico e mental intenso, definido por Herbert J. Freudenberger como\u00a0&#8220;(\u2026) um estado de esgotamento f\u00edsico e mental cuja causa est\u00e1 intimamente ligada \u00e0 vida profissional&#8221;.<\/p>\n<p>A dedica\u00e7\u00e3o exagerada \u00e0 atividade\u00a0profissional\u00a0\u00e9 uma caracter\u00edstica marcante de\u00a0Burnout, mas n\u00e3o a \u00fanica. O desejo de ser o melhor e sempre demonstrar alto grau de desempenho \u00e9 outra fase importante da s\u00edndrome: o portador de Burnout mede a auto-estima pela capacidade de realiza\u00e7\u00e3o e sucesso profissional. O que tem in\u00edcio com satisfa\u00e7\u00e3o e prazer termina quando esse desempenho n\u00e3o \u00e9 reconhecido.<\/p>\n","protected":false},"excerpt":{"rendered":"<p>O Sindicato dos Professores de Alagoas (Sinpro\/AL) atrav\u00e9s do psic\u00f3logo \u00a0Eklivann Costa (CRP 2444) e do graduando em psicologia Albery Lima discutiram em conjunto com presidente do Sinpro\/AL, Eduardo Vasconcelos, a implanta\u00e7\u00e3o do N\u00facleo de Apoio Psicol\u00f3gico aos Professores. A medida visa diagnosticar os professores com problemas psicol\u00f3gicos e realizar\u00a0estudos \u00a0estat\u00edsticos sobre os\u00a0principais problemas e [&hellip;]<\/p>\n","protected":false},"author":4,"featured_media":0,"comment_status":"open","ping_status":"open","sticky":false,"template":"","format":"standard","meta":{"footnotes":""},"categories":[4],"tags":[],"class_list":["post-855","post","type-post","status-publish","format-standard","hentry","category-noticias-sinpro-al"],"_links":{"self":[{"href":"http:\/\/sinpro-al.com.br\/v2\/index.php?rest_route=\/wp\/v2\/posts\/855","targetHints":{"allow":["GET"]}}],"collection":[{"href":"http:\/\/sinpro-al.com.br\/v2\/index.php?rest_route=\/wp\/v2\/posts"}],"about":[{"href":"http:\/\/sinpro-al.com.br\/v2\/index.php?rest_route=\/wp\/v2\/types\/post"}],"author":[{"embeddable":true,"href":"http:\/\/sinpro-al.com.br\/v2\/index.php?rest_route=\/wp\/v2\/users\/4"}],"replies":[{"embeddable":true,"href":"http:\/\/sinpro-al.com.br\/v2\/index.php?rest_route=%2Fwp%2Fv2%2Fcomments&post=855"}],"version-history":[{"count":4,"href":"http:\/\/sinpro-al.com.br\/v2\/index.php?rest_route=\/wp\/v2\/posts\/855\/revisions"}],"predecessor-version":[{"id":858,"href":"http:\/\/sinpro-al.com.br\/v2\/index.php?rest_route=\/wp\/v2\/posts\/855\/revisions\/858"}],"wp:attachment":[{"href":"http:\/\/sinpro-al.com.br\/v2\/index.php?rest_route=%2Fwp%2Fv2%2Fmedia&parent=855"}],"wp:term":[{"taxonomy":"category","embeddable":true,"href":"http:\/\/sinpro-al.com.br\/v2\/index.php?rest_route=%2Fwp%2Fv2%2Fcategories&post=855"},{"taxonomy":"post_tag","embeddable":true,"href":"http:\/\/sinpro-al.com.br\/v2\/index.php?rest_route=%2Fwp%2Fv2%2Ftags&post=855"}],"curies":[{"name":"wp","href":"https:\/\/api.w.org\/{rel}","templated":true}]}}