{"id":852,"date":"2015-06-18T13:19:47","date_gmt":"2015-06-18T16:19:47","guid":{"rendered":"http:\/\/sinpro-al.com.br\/v2\/?p=852"},"modified":"2015-06-18T14:08:42","modified_gmt":"2015-06-18T17:08:42","slug":"planejamento-estrategico-do-sinpro-e-discutido","status":"publish","type":"post","link":"http:\/\/sinpro-al.com.br\/v2\/?p=852","title":{"rendered":"Planejamento estrat\u00e9gico do Sinpro \u00e9 discutido"},"content":{"rendered":"<div id=\"attachment_853\" style=\"width: 310px\" class=\"wp-caption alignleft\"><a href=\"http:\/\/sinpro-al.com.br\/v2\/wp-content\/uploads\/2015\/06\/pw.jpg\"><img loading=\"lazy\" decoding=\"async\" aria-describedby=\"caption-attachment-853\" class=\"wp-image-853 size-medium\" src=\"http:\/\/sinpro-al.com.br\/v2\/wp-content\/uploads\/2015\/06\/pw-300x180.jpg\" alt=\"pw\" width=\"300\" height=\"180\" srcset=\"http:\/\/sinpro-al.com.br\/v2\/wp-content\/uploads\/2015\/06\/pw-300x180.jpg 300w, http:\/\/sinpro-al.com.br\/v2\/wp-content\/uploads\/2015\/06\/pw.jpg 960w\" sizes=\"auto, (max-width: 300px) 100vw, 300px\" \/><\/a><p id=\"caption-attachment-853\" class=\"wp-caption-text\">Diretores do Sinpro\/AL durante reuni\u00e3o no audit\u00f3rio do Rei Pel\u00e9<\/p><\/div>\n<p>Os diretores do Sindicato dos Professores de Alagoas (Sinpro\/AL) estiveram reunidos\u00a0\u00a0no audit\u00f3rio do Est\u00e1dio Rei Pel\u00e9, no Trapiche da Barra, para discutir o planejamento estrat\u00e9gico do Sinpro para o pr\u00f3ximo quadri\u00eanio (2014-2019). Na oportunidade foi debatido\u00a0metas, projetos, melhor funcionamento do Sindicato e celeridade nas demandas administrativas.<\/p>\n<p>O presidente da Federa\u00e7\u00e3o Interestadual dos Trabalhadores em Estabelecimentos de Ensino, Edson de Paula, capitaneou os trabalhos realizados em dois dias. A diretoria do Sinpro voltar\u00e1 a discutir, ampliar e finalizar o planejamento estrat\u00e9gico daqui a seis meses.<\/p>\n<p>&nbsp;<\/p>\n","protected":false},"excerpt":{"rendered":"<p>Os diretores do Sindicato dos Professores de Alagoas (Sinpro\/AL) estiveram reunidos\u00a0\u00a0no audit\u00f3rio do Est\u00e1dio Rei Pel\u00e9, no Trapiche da Barra, para discutir o planejamento estrat\u00e9gico do Sinpro para o pr\u00f3ximo quadri\u00eanio (2014-2019). Na oportunidade foi debatido\u00a0metas, projetos, melhor funcionamento do Sindicato e celeridade nas demandas administrativas. O presidente da Federa\u00e7\u00e3o Interestadual dos Trabalhadores em Estabelecimentos [&hellip;]<\/p>\n","protected":false},"author":4,"featured_media":0,"comment_status":"open","ping_status":"open","sticky":false,"template":"","format":"standard","meta":{"footnotes":""},"categories":[4],"tags":[],"class_list":["post-852","post","type-post","status-publish","format-standard","hentry","category-noticias-sinpro-al"],"_links":{"self":[{"href":"http:\/\/sinpro-al.com.br\/v2\/index.php?rest_route=\/wp\/v2\/posts\/852","targetHints":{"allow":["GET"]}}],"collection":[{"href":"http:\/\/sinpro-al.com.br\/v2\/index.php?rest_route=\/wp\/v2\/posts"}],"about":[{"href":"http:\/\/sinpro-al.com.br\/v2\/index.php?rest_route=\/wp\/v2\/types\/post"}],"author":[{"embeddable":true,"href":"http:\/\/sinpro-al.com.br\/v2\/index.php?rest_route=\/wp\/v2\/users\/4"}],"replies":[{"embeddable":true,"href":"http:\/\/sinpro-al.com.br\/v2\/index.php?rest_route=%2Fwp%2Fv2%2Fcomments&post=852"}],"version-history":[{"count":3,"href":"http:\/\/sinpro-al.com.br\/v2\/index.php?rest_route=\/wp\/v2\/posts\/852\/revisions"}],"predecessor-version":[{"id":861,"href":"http:\/\/sinpro-al.com.br\/v2\/index.php?rest_route=\/wp\/v2\/posts\/852\/revisions\/861"}],"wp:attachment":[{"href":"http:\/\/sinpro-al.com.br\/v2\/index.php?rest_route=%2Fwp%2Fv2%2Fmedia&parent=852"}],"wp:term":[{"taxonomy":"category","embeddable":true,"href":"http:\/\/sinpro-al.com.br\/v2\/index.php?rest_route=%2Fwp%2Fv2%2Fcategories&post=852"},{"taxonomy":"post_tag","embeddable":true,"href":"http:\/\/sinpro-al.com.br\/v2\/index.php?rest_route=%2Fwp%2Fv2%2Ftags&post=852"}],"curies":[{"name":"wp","href":"https:\/\/api.w.org\/{rel}","templated":true}]}}