{"id":842,"date":"2015-06-17T12:40:26","date_gmt":"2015-06-17T15:40:26","guid":{"rendered":"http:\/\/sinpro-al.com.br\/v2\/?p=842"},"modified":"2015-06-17T15:32:55","modified_gmt":"2015-06-17T18:32:55","slug":"posse-solene-da-nova-diretoria-do-sinpro-ocorreu-durante-o-arraia-do-fesso","status":"publish","type":"post","link":"http:\/\/sinpro-al.com.br\/v2\/?p=842","title":{"rendered":"Posse solene da nova diretoria do Sinpro ocorreu durante o &#8220;Forr\u00f3 do Fess\u00f4&#8221;"},"content":{"rendered":"<div id=\"attachment_843\" style=\"width: 310px\" class=\"wp-caption alignleft\"><a href=\"http:\/\/sinpro-al.com.br\/v2\/wp-content\/uploads\/2015\/06\/IMG-20150617-WA0008.jpg\"><img loading=\"lazy\" decoding=\"async\" aria-describedby=\"caption-attachment-843\" class=\"size-medium wp-image-843\" src=\"http:\/\/sinpro-al.com.br\/v2\/wp-content\/uploads\/2015\/06\/IMG-20150617-WA0008-300x168.jpg\" alt=\"Somos professores com orgulho e exigimos respeito! \" width=\"300\" height=\"168\" srcset=\"http:\/\/sinpro-al.com.br\/v2\/wp-content\/uploads\/2015\/06\/IMG-20150617-WA0008-300x168.jpg 300w, http:\/\/sinpro-al.com.br\/v2\/wp-content\/uploads\/2015\/06\/IMG-20150617-WA0008-1024x575.jpg 1024w, http:\/\/sinpro-al.com.br\/v2\/wp-content\/uploads\/2015\/06\/IMG-20150617-WA0008.jpg 1040w\" sizes=\"auto, (max-width: 300px) 100vw, 300px\" \/><\/a><p id=\"caption-attachment-843\" class=\"wp-caption-text\">Somos professores com orgulho e exigimos respeito!<\/p><\/div>\n<p>A posse da nova diretoria do Sindicato dos Professores de Alagoas (Sinpro\/AL) ocorreu na sede no Clube dos Oficiais da Pol\u00edcia Militar de Alagoas. A data foi marcada pelo encontro de mais de uma centena de professores que prestigiaram o evento. A nova diretoria comandar\u00e1 o\u00a0Sinpro\u00a0no pr\u00f3ximo quadri\u00eanio (2014-2019).<\/p>\n<p>A ocasi\u00e3o tamb\u00e9m foi marcada pelo 5\u00ba Forr\u00f3 do\u00a0Fess\u00f4. Muita anima\u00e7\u00e3o e descontra\u00e7\u00e3o foram as marcas da festan\u00e7a, que j\u00e1 se tornou tradicional entre os professores da rede privada de ensino de Alagoas. Muito forr\u00f3 p\u00e9 de serra e comidas\u00a0t\u00edpicas\u00a0 contribu\u00edram para a celebra\u00e7\u00e3o\u00a0da\u00a0festa\u00a0junina.<\/p>\n<p>Marcaram presen\u00e7a na posse da nova diretoria:\u00a0o deputado estadual Galba Novais, o vereador por Macei\u00f3, Wilson J\u00fanior, o superintendente do MTE em Alagoas, Israel Lessa,\u00a0\u00a0o\u00a0presidente da Federa\u00e7\u00e3o Interestadual dos Trabalhadores em Estabelecimentos de Ensino, dirigente Nacional Confedera\u00e7\u00e3o Nacional dos Trabalhadores em Estabelecimento de Ensino e dirigente nacional da CTB, Edson de Paula, o presidente da CTB em Alagoas,\u00a0Sinval\u00a0Costa, a secretaria de Esporte e Lazer do Estado, Cl\u00e1udia Petuba, o diretor do PDT, Ricardo Lessa, o presidente do Sinterp Maranh\u00e3o, Lob\u00e3o, e \u00a0o presidente do Conselho Regional de Educa\u00e7\u00e3o F\u00edsica, Stanley Magalh\u00e3es.<\/p>\n<p>Composi\u00e7\u00e3o da nova diretoria do\u00a0Sinpro\/AL:<\/p>\n<p><strong>EFETIVOS<\/strong><\/p>\n<p>Eduardo Jorge Vasconcelos de Lima \u2013 Presidente<br \/>\nJos\u00e9 Nivaldo Cardozo Mota \u00a0&#8211; Vice-presidente<br \/>\nEmerson\u00a0Mamede Ferreira<br \/>\nAnt\u00f4nio\u00a0Angelo\u00a0Farias da Silva<br \/>\nMarcelo Silveira Porto<br \/>\nKeyllor\u00a0Laurentino de Fran\u00e7a<br \/>\nFernando Ant\u00f4nio Feitosa Cedrim<br \/>\nSiliane\u00a0Nunes da Silva Fran\u00e7a<\/p>\n<p><strong>SUPLENTES<\/strong><\/p>\n<p>Ir\u00e3\u00a0Candido\u00a0Teles da Silva<br \/>\nPaulo Cezar Silveira Silva<br \/>\nBruno de Albuquerque Gonzaga Pereira<br \/>\nSdney C\u00e9sar de Andrade Santana<br \/>\nAlfredo S\u00e9rgio de Oliveira Alves<\/p>\n<p><strong>*CONSELHO FISCAL\u00a0<\/strong><\/p>\n<p><strong>EFETIVOS\u00a0<\/strong><\/p>\n<p>Enaura de Lima Fernandes<br \/>\nLuiz Cl\u00e1udio Silva e Castro<br \/>\nGlyne Souto Barros<\/p>\n<p><strong>SUPLENTES\u00a0<\/strong><\/p>\n<p>M\u00e1rcia Sarmento Rodrigues C\u00e2mara<br \/>\nEdson Correia de Lima<br \/>\nS\u00e9rgio Luiz Cunico<\/p>\n","protected":false},"excerpt":{"rendered":"<p>A posse da nova diretoria do Sindicato dos Professores de Alagoas (Sinpro\/AL) ocorreu na sede no Clube dos Oficiais da Pol\u00edcia Militar de Alagoas. A data foi marcada pelo encontro de mais de uma centena de professores que prestigiaram o evento. A nova diretoria comandar\u00e1 o\u00a0Sinpro\u00a0no pr\u00f3ximo quadri\u00eanio (2014-2019). A ocasi\u00e3o tamb\u00e9m foi marcada pelo [&hellip;]<\/p>\n","protected":false},"author":4,"featured_media":0,"comment_status":"open","ping_status":"open","sticky":false,"template":"","format":"standard","meta":{"footnotes":""},"categories":[4],"tags":[],"class_list":["post-842","post","type-post","status-publish","format-standard","hentry","category-noticias-sinpro-al"],"_links":{"self":[{"href":"http:\/\/sinpro-al.com.br\/v2\/index.php?rest_route=\/wp\/v2\/posts\/842","targetHints":{"allow":["GET"]}}],"collection":[{"href":"http:\/\/sinpro-al.com.br\/v2\/index.php?rest_route=\/wp\/v2\/posts"}],"about":[{"href":"http:\/\/sinpro-al.com.br\/v2\/index.php?rest_route=\/wp\/v2\/types\/post"}],"author":[{"embeddable":true,"href":"http:\/\/sinpro-al.com.br\/v2\/index.php?rest_route=\/wp\/v2\/users\/4"}],"replies":[{"embeddable":true,"href":"http:\/\/sinpro-al.com.br\/v2\/index.php?rest_route=%2Fwp%2Fv2%2Fcomments&post=842"}],"version-history":[{"count":5,"href":"http:\/\/sinpro-al.com.br\/v2\/index.php?rest_route=\/wp\/v2\/posts\/842\/revisions"}],"predecessor-version":[{"id":851,"href":"http:\/\/sinpro-al.com.br\/v2\/index.php?rest_route=\/wp\/v2\/posts\/842\/revisions\/851"}],"wp:attachment":[{"href":"http:\/\/sinpro-al.com.br\/v2\/index.php?rest_route=%2Fwp%2Fv2%2Fmedia&parent=842"}],"wp:term":[{"taxonomy":"category","embeddable":true,"href":"http:\/\/sinpro-al.com.br\/v2\/index.php?rest_route=%2Fwp%2Fv2%2Fcategories&post=842"},{"taxonomy":"post_tag","embeddable":true,"href":"http:\/\/sinpro-al.com.br\/v2\/index.php?rest_route=%2Fwp%2Fv2%2Ftags&post=842"}],"curies":[{"name":"wp","href":"https:\/\/api.w.org\/{rel}","templated":true}]}}