{"id":820,"date":"2015-06-15T13:42:33","date_gmt":"2015-06-15T16:42:33","guid":{"rendered":"http:\/\/sinpro-al.com.br\/v2\/?p=820"},"modified":"2015-09-10T10:00:31","modified_gmt":"2015-09-10T13:00:31","slug":"mpt-vai-inspecionar-escolas-pedido-foi-realizado-pelo-sinproal","status":"publish","type":"post","link":"http:\/\/sinpro-al.com.br\/v2\/?p=820","title":{"rendered":"MPT vai inspecionar escolas; pedido foi realizado pelo Sinpro\/AL"},"content":{"rendered":"<div>\n<div id=\"attachment_821\" style=\"width: 226px\" class=\"wp-caption alignleft\"><a href=\"http:\/\/sinpro-al.com.br\/v2\/wp-content\/uploads\/2015\/06\/rodrigo.jpg\"><img loading=\"lazy\" decoding=\"async\" aria-describedby=\"caption-attachment-821\" class=\"wp-image-821 \" src=\"http:\/\/sinpro-al.com.br\/v2\/wp-content\/uploads\/2015\/06\/rodrigo.jpg\" alt=\"rodrigo\" width=\"216\" height=\"144\" \/><\/a><p id=\"caption-attachment-821\" class=\"wp-caption-text\">Procurador Rodrigo Raphael de Alencar<\/p><\/div>\n<p>O presidente do Sindicato dos Professores de Alagoas (Sinpro\/AL), Eduardo Vasconcelos, se reuniu com o Rodrigo Raphael de Alencar, procurador do trabalho do MPT da 19\u00aa Regi\u00e3o, para alertar sobre\u00a0o alto \u00edndice de doen\u00e7as dos professores em ambiente de trabalho. Outro ponto discutido foi o cumprimento da parceria do Sinpro com o Cerest (saiba mais:<a href=\"http:\/\/sinpro-al.com.br\/v2\/?p=781\">http:\/\/sinpro-al.com.br\/v2\/?p=781<\/a>).<\/p>\n<\/div>\n<div><\/div>\n<div>O procurador Rodrigo Raphael de Alencar destacou a import\u00e2ncia das preocupa\u00e7\u00f5es do Sinpro e adiantou que um engenheiro do trabalho e um m\u00e9dico do trabalho designados pelo Minist\u00e9rio P\u00fablico do Trabalho ser\u00e3o encaminhados para escolas.<\/div>\n<div><\/div>\n<div>A medida visa inspecionar o local de trabalho dos docentes para saber como anda a qualidade e estrutura de trabalho de cada um. Esse levantamento ser\u00e1 realizado para que todos os profissionais de educa\u00e7\u00e3o possam ter condi\u00e7\u00f5es dignas para realizar sua atua\u00e7\u00e3o e as escolas se adequem ao que determina a lei.<\/div>\n<div><\/div>\n<div>A reuni\u00e3o do presidente do Sinpro serviu tamb\u00e9m para alertar que esses problemas n\u00e3o s\u00e3o exclusividade da rede privada de ensino. Em breve os representantes do Sinteal e Sinepe ser\u00e3o convidados para ir at\u00e9 o MPT discutir o que j\u00e1 foi colocado pelo Sinpro\/AL.<\/div>\n<p>&nbsp;<\/p>\n","protected":false},"excerpt":{"rendered":"<p>O presidente do Sindicato dos Professores de Alagoas (Sinpro\/AL), Eduardo Vasconcelos, se reuniu com o Rodrigo Raphael de Alencar, procurador do trabalho do MPT da 19\u00aa Regi\u00e3o, para alertar sobre\u00a0o alto \u00edndice de doen\u00e7as dos professores em ambiente de trabalho. Outro ponto discutido foi o cumprimento da parceria do Sinpro com o Cerest (saiba mais:http:\/\/sinpro-al.com.br\/v2\/?p=781). [&hellip;]<\/p>\n","protected":false},"author":4,"featured_media":0,"comment_status":"open","ping_status":"open","sticky":false,"template":"","format":"standard","meta":{"footnotes":""},"categories":[4],"tags":[],"class_list":["post-820","post","type-post","status-publish","format-standard","hentry","category-noticias-sinpro-al"],"_links":{"self":[{"href":"http:\/\/sinpro-al.com.br\/v2\/index.php?rest_route=\/wp\/v2\/posts\/820","targetHints":{"allow":["GET"]}}],"collection":[{"href":"http:\/\/sinpro-al.com.br\/v2\/index.php?rest_route=\/wp\/v2\/posts"}],"about":[{"href":"http:\/\/sinpro-al.com.br\/v2\/index.php?rest_route=\/wp\/v2\/types\/post"}],"author":[{"embeddable":true,"href":"http:\/\/sinpro-al.com.br\/v2\/index.php?rest_route=\/wp\/v2\/users\/4"}],"replies":[{"embeddable":true,"href":"http:\/\/sinpro-al.com.br\/v2\/index.php?rest_route=%2Fwp%2Fv2%2Fcomments&post=820"}],"version-history":[{"count":7,"href":"http:\/\/sinpro-al.com.br\/v2\/index.php?rest_route=\/wp\/v2\/posts\/820\/revisions"}],"predecessor-version":[{"id":828,"href":"http:\/\/sinpro-al.com.br\/v2\/index.php?rest_route=\/wp\/v2\/posts\/820\/revisions\/828"}],"wp:attachment":[{"href":"http:\/\/sinpro-al.com.br\/v2\/index.php?rest_route=%2Fwp%2Fv2%2Fmedia&parent=820"}],"wp:term":[{"taxonomy":"category","embeddable":true,"href":"http:\/\/sinpro-al.com.br\/v2\/index.php?rest_route=%2Fwp%2Fv2%2Fcategories&post=820"},{"taxonomy":"post_tag","embeddable":true,"href":"http:\/\/sinpro-al.com.br\/v2\/index.php?rest_route=%2Fwp%2Fv2%2Ftags&post=820"}],"curies":[{"name":"wp","href":"https:\/\/api.w.org\/{rel}","templated":true}]}}