{"id":810,"date":"2015-06-11T14:30:04","date_gmt":"2015-06-11T17:30:04","guid":{"rendered":"http:\/\/sinpro-al.com.br\/v2\/?p=810"},"modified":"2015-06-11T14:30:04","modified_gmt":"2015-06-11T17:30:04","slug":"planejamento-estrategico-do-sinproal-sera-debatido-entre-os-dias-13-e-1406","status":"publish","type":"post","link":"http:\/\/sinpro-al.com.br\/v2\/?p=810","title":{"rendered":"Planejamento estrat\u00e9gico do Sinpro\/AL ser\u00e1 debatido entre os dias 13 e 14\/06"},"content":{"rendered":"<div id=\"attachment_811\" style=\"width: 310px\" class=\"wp-caption alignleft\"><a href=\"http:\/\/sinpro-al.com.br\/v2\/wp-content\/uploads\/2015\/06\/edson.jpg\"><img loading=\"lazy\" decoding=\"async\" aria-describedby=\"caption-attachment-811\" class=\"wp-image-811 size-medium\" src=\"http:\/\/sinpro-al.com.br\/v2\/wp-content\/uploads\/2015\/06\/edson-300x200.jpg\" alt=\"edson\" width=\"300\" height=\"200\" srcset=\"http:\/\/sinpro-al.com.br\/v2\/wp-content\/uploads\/2015\/06\/edson-300x200.jpg 300w, http:\/\/sinpro-al.com.br\/v2\/wp-content\/uploads\/2015\/06\/edson.jpg 600w\" sizes=\"auto, (max-width: 300px) 100vw, 300px\" \/><\/a><p id=\"caption-attachment-811\" class=\"wp-caption-text\">Edson de Paula vir\u00e1 para Macei\u00f3 no final de semana para coordenar planejamento estrat\u00e9gico do Sinpro\/AL<\/p><\/div>\n<p>O s\u00e1bado (13\/06) e domingo (14\/06) ser\u00e3o marcados pela discuss\u00e3o do planejamento estrat\u00e9gico do Sindicato dos Professores de Alagoas, que acontecer\u00e1 no audit\u00f3rio do Est\u00e1dio Rei Pel\u00e9, no Trapiche da Barra. A diretoria eleita vai se debru\u00e7ar sobre as responsabilidades e deveres de cada pasta.<\/p>\n<p>\u201cOrganizar a funcionalidade do Sindicato, cargos e focalizar os objetivos estabelecidos de campanha ser\u00e3o de suma import\u00e2ncia nesse momento\u201d, destacou o vice-presidente do Sinpro, Jos\u00e9 Nivaldo Mota.<\/p>\n<p>O presidente da Federa\u00e7\u00e3o Interestadual dos Trabalhadores em Estabelecimentos de Ensino, dirigente Nacional Confedera\u00e7\u00e3o Nacional dos Trabalhadores em Estabelecimento de Ensino e dirigente nacional da CTB, Edson de Paula, vir\u00e1 de Minas Gerais para coordenar e orientar os trabalhos durante o final de semana.<\/p>\n","protected":false},"excerpt":{"rendered":"<p>O s\u00e1bado (13\/06) e domingo (14\/06) ser\u00e3o marcados pela discuss\u00e3o do planejamento estrat\u00e9gico do Sindicato dos Professores de Alagoas, que acontecer\u00e1 no audit\u00f3rio do Est\u00e1dio Rei Pel\u00e9, no Trapiche da Barra. A diretoria eleita vai se debru\u00e7ar sobre as responsabilidades e deveres de cada pasta. \u201cOrganizar a funcionalidade do Sindicato, cargos e focalizar os objetivos [&hellip;]<\/p>\n","protected":false},"author":4,"featured_media":0,"comment_status":"open","ping_status":"open","sticky":false,"template":"","format":"standard","meta":{"footnotes":""},"categories":[1],"tags":[],"class_list":["post-810","post","type-post","status-publish","format-standard","hentry","category-sem-categoria"],"_links":{"self":[{"href":"http:\/\/sinpro-al.com.br\/v2\/index.php?rest_route=\/wp\/v2\/posts\/810","targetHints":{"allow":["GET"]}}],"collection":[{"href":"http:\/\/sinpro-al.com.br\/v2\/index.php?rest_route=\/wp\/v2\/posts"}],"about":[{"href":"http:\/\/sinpro-al.com.br\/v2\/index.php?rest_route=\/wp\/v2\/types\/post"}],"author":[{"embeddable":true,"href":"http:\/\/sinpro-al.com.br\/v2\/index.php?rest_route=\/wp\/v2\/users\/4"}],"replies":[{"embeddable":true,"href":"http:\/\/sinpro-al.com.br\/v2\/index.php?rest_route=%2Fwp%2Fv2%2Fcomments&post=810"}],"version-history":[{"count":1,"href":"http:\/\/sinpro-al.com.br\/v2\/index.php?rest_route=\/wp\/v2\/posts\/810\/revisions"}],"predecessor-version":[{"id":812,"href":"http:\/\/sinpro-al.com.br\/v2\/index.php?rest_route=\/wp\/v2\/posts\/810\/revisions\/812"}],"wp:attachment":[{"href":"http:\/\/sinpro-al.com.br\/v2\/index.php?rest_route=%2Fwp%2Fv2%2Fmedia&parent=810"}],"wp:term":[{"taxonomy":"category","embeddable":true,"href":"http:\/\/sinpro-al.com.br\/v2\/index.php?rest_route=%2Fwp%2Fv2%2Fcategories&post=810"},{"taxonomy":"post_tag","embeddable":true,"href":"http:\/\/sinpro-al.com.br\/v2\/index.php?rest_route=%2Fwp%2Fv2%2Ftags&post=810"}],"curies":[{"name":"wp","href":"https:\/\/api.w.org\/{rel}","templated":true}]}}