{"id":785,"date":"2015-06-08T16:27:44","date_gmt":"2015-06-08T19:27:44","guid":{"rendered":"http:\/\/sinpro-al.com.br\/v2\/?p=785"},"modified":"2015-06-08T16:32:29","modified_gmt":"2015-06-08T19:32:29","slug":"5o-forro-do-fesso-e-na-sexta-feira-1206-voce-nao-pode-perder","status":"publish","type":"post","link":"http:\/\/sinpro-al.com.br\/v2\/?p=785","title":{"rendered":"5\u00ba Forr\u00f3 do Fess\u00f4 \u00e9 na sexta-feira (12\/06); voc\u00ea n\u00e3o pode perder!"},"content":{"rendered":"<p>&nbsp;<\/p>\n<p><a href=\"http:\/\/sinpro-al.com.br\/v2\/wp-content\/uploads\/2015\/06\/FORRO.jpg\"><img loading=\"lazy\" decoding=\"async\" class=\"alignleft size-medium wp-image-786\" src=\"http:\/\/sinpro-al.com.br\/v2\/wp-content\/uploads\/2015\/06\/FORRO-212x300.jpg\" alt=\"FORRO\" width=\"212\" height=\"300\" srcset=\"http:\/\/sinpro-al.com.br\/v2\/wp-content\/uploads\/2015\/06\/FORRO-212x300.jpg 212w, http:\/\/sinpro-al.com.br\/v2\/wp-content\/uploads\/2015\/06\/FORRO.jpg 679w\" sizes=\"auto, (max-width: 212px) 100vw, 212px\" \/><\/a>O 5\u00ba do Forr\u00f3 do Fess\u00f4 organizado pelo Sindicato dos Professores de Alagoas acontece nessa sexta-feira, 12\/06, \u00e0s 19h na Associa\u00e7\u00e3o dos Oficiais Militares de Alagoas (Assomal), no bairro do Trapiche da Barra. Na oportunidade ser\u00e1 realizada a posse solene da diretoria eleita do Sinpro\/AL.<\/p>\n<p>O arrai\u00e1 vai contar com comidas t\u00edpicas, bebidas, barracas e muito forr\u00f3 p\u00e9 de serra para animar os professores. Os educadores da rede privada s\u00e3o nossos convidados; voc\u00ea n\u00e3o pode ficar de fora.<\/p>\n<p>Venha; participe! (<a href=\"http:\/\/migre.me\/qbN7H\">http:\/\/migre.me\/qbN7H<\/a>)<\/p>\n<p>&nbsp;<\/p>\n<p>&nbsp;<\/p>\n<p><em><strong>\u00a0<\/strong><\/em><\/p>\n<p>&nbsp;<\/p>\n<p><strong>\u00a0<\/strong><\/p>\n<p>&nbsp;<\/p>\n","protected":false},"excerpt":{"rendered":"<p>&nbsp; O 5\u00ba do Forr\u00f3 do Fess\u00f4 organizado pelo Sindicato dos Professores de Alagoas acontece nessa sexta-feira, 12\/06, \u00e0s 19h na Associa\u00e7\u00e3o dos Oficiais Militares de Alagoas (Assomal), no bairro do Trapiche da Barra. Na oportunidade ser\u00e1 realizada a posse solene da diretoria eleita do Sinpro\/AL. O arrai\u00e1 vai contar com comidas t\u00edpicas, bebidas, barracas [&hellip;]<\/p>\n","protected":false},"author":4,"featured_media":0,"comment_status":"open","ping_status":"open","sticky":false,"template":"","format":"standard","meta":{"footnotes":""},"categories":[1],"tags":[],"class_list":["post-785","post","type-post","status-publish","format-standard","hentry","category-sem-categoria"],"_links":{"self":[{"href":"http:\/\/sinpro-al.com.br\/v2\/index.php?rest_route=\/wp\/v2\/posts\/785","targetHints":{"allow":["GET"]}}],"collection":[{"href":"http:\/\/sinpro-al.com.br\/v2\/index.php?rest_route=\/wp\/v2\/posts"}],"about":[{"href":"http:\/\/sinpro-al.com.br\/v2\/index.php?rest_route=\/wp\/v2\/types\/post"}],"author":[{"embeddable":true,"href":"http:\/\/sinpro-al.com.br\/v2\/index.php?rest_route=\/wp\/v2\/users\/4"}],"replies":[{"embeddable":true,"href":"http:\/\/sinpro-al.com.br\/v2\/index.php?rest_route=%2Fwp%2Fv2%2Fcomments&post=785"}],"version-history":[{"count":5,"href":"http:\/\/sinpro-al.com.br\/v2\/index.php?rest_route=\/wp\/v2\/posts\/785\/revisions"}],"predecessor-version":[{"id":791,"href":"http:\/\/sinpro-al.com.br\/v2\/index.php?rest_route=\/wp\/v2\/posts\/785\/revisions\/791"}],"wp:attachment":[{"href":"http:\/\/sinpro-al.com.br\/v2\/index.php?rest_route=%2Fwp%2Fv2%2Fmedia&parent=785"}],"wp:term":[{"taxonomy":"category","embeddable":true,"href":"http:\/\/sinpro-al.com.br\/v2\/index.php?rest_route=%2Fwp%2Fv2%2Fcategories&post=785"},{"taxonomy":"post_tag","embeddable":true,"href":"http:\/\/sinpro-al.com.br\/v2\/index.php?rest_route=%2Fwp%2Fv2%2Ftags&post=785"}],"curies":[{"name":"wp","href":"https:\/\/api.w.org\/{rel}","templated":true}]}}