{"id":781,"date":"2015-06-08T16:00:32","date_gmt":"2015-06-08T19:00:32","guid":{"rendered":"http:\/\/sinpro-al.com.br\/v2\/?p=781"},"modified":"2015-06-08T16:06:30","modified_gmt":"2015-06-08T19:06:30","slug":"sinproal-e-cerest-firmam-parceria-para-prevencao-da-saude-do-professor","status":"publish","type":"post","link":"http:\/\/sinpro-al.com.br\/v2\/?p=781","title":{"rendered":"Sinpro\/AL e Cerest firmam parceria para sa\u00fade preventiva do professor"},"content":{"rendered":"<div id=\"attachment_782\" style=\"width: 310px\" class=\"wp-caption alignleft\"><a href=\"http:\/\/sinpro-al.com.br\/v2\/wp-content\/uploads\/2015\/06\/cerest.jpg\"><img loading=\"lazy\" decoding=\"async\" aria-describedby=\"caption-attachment-782\" class=\"wp-image-782 size-medium\" src=\"http:\/\/sinpro-al.com.br\/v2\/wp-content\/uploads\/2015\/06\/cerest-300x168.jpg\" alt=\"cerest\" width=\"300\" height=\"168\" srcset=\"http:\/\/sinpro-al.com.br\/v2\/wp-content\/uploads\/2015\/06\/cerest-300x168.jpg 300w, http:\/\/sinpro-al.com.br\/v2\/wp-content\/uploads\/2015\/06\/cerest-1024x576.jpg 1024w, http:\/\/sinpro-al.com.br\/v2\/wp-content\/uploads\/2015\/06\/cerest.jpg 1280w\" sizes=\"auto, (max-width: 300px) 100vw, 300px\" \/><\/a><p id=\"caption-attachment-782\" class=\"wp-caption-text\">Representante do Sinpro e do Cerest durante reuni\u00e3o<\/p><\/div>\n<p>O diretor do Sindicato dos Professores de Alagoas, \u00c2ngelo Farias, se reuniu com os diretores do Centro Regional de Refer\u00eancia em Sa\u00fade do Trabalhador (Cerest) para realiza\u00e7\u00e3o de cartazes relacionados aos alertas de doen\u00e7a do trabalho em sala de aula, como: sa\u00fade vocal e riscos ergon\u00f4micos dos docentes. Os coordenadores do Cerest, Alinthon\u00a0Fagner\u00a0Nunes e Francimar Xavier, elogiaram a iniciativa do Sinpro\/AL que visa orientar os educadores da rede privada de ensino.<\/p>\n<p>O presidente do Sinpro\/AL, Eduardo Vasconcelos, levou o projeto da parceria com Cerest ao Minist\u00e9rio do Trabalho e Emprego (MTE\/AL), atrav\u00e9s do superintendente Israel Lessa, e do Minist\u00e9rio P\u00fablico do Trabalho (MPT), para procuradora-chefe Adir de Abreu que avalizaram a realiza\u00e7\u00e3o e tamb\u00e9m ir\u00e3o participar da iniciativa.<\/p>\n<p>As afixa\u00e7\u00f5es dos cartazes em salas de professores das escolas s\u00e3o garantidas devido a Consolida\u00e7\u00e3o das Leis do Trabalho\u00a0(CLT) que \u00e9 a principal norma legislativa brasileira referente ao direito do trabalho e ao direito processual do trabalho.<\/p>\n<p><strong>Cerest: o que \u00e9?<\/strong><\/p>\n<p>O Cerest \u00e9 um centro de refer\u00eancia t\u00e9cnica \u00e0 Sa\u00fade do Trabalhador e \u00e9 respons\u00e1vel pela assist\u00eancia de 28 munic\u00edpios alagoanos, das 1\u00aa, 4\u00aa e 5\u00aa regi\u00f5es administrativas. O Centro, que tem como finalidade proporcionar bem-estar aos trabalhadores, \u00e9 composto por m\u00e9dicos de sa\u00fade do trabalho, t\u00e9cnicos em seguran\u00e7a do trabalho, fonoaudi\u00f3logos, fisioterapeutas, engenheiros de seguran\u00e7a do trabalho, psic\u00f3logos e enfermeiros. \u00c9 respons\u00e1vel pela elabora\u00e7\u00e3o de pol\u00edticas de combate e preven\u00e7\u00e3o de doen\u00e7as e agravos, dando destaque aos processos de promo\u00e7\u00e3o e vigil\u00e2ncia \u00e0 sa\u00fade dos cidad\u00e3os, acometidos por acidentes ou doen\u00e7as relacionadas ao trabalho.<\/p>\n","protected":false},"excerpt":{"rendered":"<p>O diretor do Sindicato dos Professores de Alagoas, \u00c2ngelo Farias, se reuniu com os diretores do Centro Regional de Refer\u00eancia em Sa\u00fade do Trabalhador (Cerest) para realiza\u00e7\u00e3o de cartazes relacionados aos alertas de doen\u00e7a do trabalho em sala de aula, como: sa\u00fade vocal e riscos ergon\u00f4micos dos docentes. Os coordenadores do Cerest, Alinthon\u00a0Fagner\u00a0Nunes e Francimar [&hellip;]<\/p>\n","protected":false},"author":4,"featured_media":0,"comment_status":"open","ping_status":"open","sticky":false,"template":"","format":"standard","meta":{"footnotes":""},"categories":[1],"tags":[],"class_list":["post-781","post","type-post","status-publish","format-standard","hentry","category-sem-categoria"],"_links":{"self":[{"href":"http:\/\/sinpro-al.com.br\/v2\/index.php?rest_route=\/wp\/v2\/posts\/781","targetHints":{"allow":["GET"]}}],"collection":[{"href":"http:\/\/sinpro-al.com.br\/v2\/index.php?rest_route=\/wp\/v2\/posts"}],"about":[{"href":"http:\/\/sinpro-al.com.br\/v2\/index.php?rest_route=\/wp\/v2\/types\/post"}],"author":[{"embeddable":true,"href":"http:\/\/sinpro-al.com.br\/v2\/index.php?rest_route=\/wp\/v2\/users\/4"}],"replies":[{"embeddable":true,"href":"http:\/\/sinpro-al.com.br\/v2\/index.php?rest_route=%2Fwp%2Fv2%2Fcomments&post=781"}],"version-history":[{"count":2,"href":"http:\/\/sinpro-al.com.br\/v2\/index.php?rest_route=\/wp\/v2\/posts\/781\/revisions"}],"predecessor-version":[{"id":784,"href":"http:\/\/sinpro-al.com.br\/v2\/index.php?rest_route=\/wp\/v2\/posts\/781\/revisions\/784"}],"wp:attachment":[{"href":"http:\/\/sinpro-al.com.br\/v2\/index.php?rest_route=%2Fwp%2Fv2%2Fmedia&parent=781"}],"wp:term":[{"taxonomy":"category","embeddable":true,"href":"http:\/\/sinpro-al.com.br\/v2\/index.php?rest_route=%2Fwp%2Fv2%2Fcategories&post=781"},{"taxonomy":"post_tag","embeddable":true,"href":"http:\/\/sinpro-al.com.br\/v2\/index.php?rest_route=%2Fwp%2Fv2%2Ftags&post=781"}],"curies":[{"name":"wp","href":"https:\/\/api.w.org\/{rel}","templated":true}]}}