{"id":777,"date":"2015-06-05T15:36:43","date_gmt":"2015-06-05T18:36:43","guid":{"rendered":"http:\/\/sinpro-al.com.br\/v2\/?p=777"},"modified":"2015-06-05T15:36:43","modified_gmt":"2015-06-05T18:36:43","slug":"professor-sindicalizado-ao-sinproal-tera-desconto-em-pos-graduacao-na-unit","status":"publish","type":"post","link":"http:\/\/sinpro-al.com.br\/v2\/?p=777","title":{"rendered":"Professor sindicalizado ao Sinpro\/AL ter\u00e1 desconto em p\u00f3s-gradua\u00e7\u00e3o na Unit"},"content":{"rendered":"<div id=\"attachment_778\" style=\"width: 310px\" class=\"wp-caption alignleft\"><a href=\"http:\/\/sinpro-al.com.br\/v2\/wp-content\/uploads\/2015\/06\/20150602_090307.jpg\"><img loading=\"lazy\" decoding=\"async\" aria-describedby=\"caption-attachment-778\" class=\"wp-image-778 size-medium\" src=\"http:\/\/sinpro-al.com.br\/v2\/wp-content\/uploads\/2015\/06\/20150602_090307-300x168.jpg\" alt=\"20150602_090307\" width=\"300\" height=\"168\" srcset=\"http:\/\/sinpro-al.com.br\/v2\/wp-content\/uploads\/2015\/06\/20150602_090307-300x168.jpg 300w, http:\/\/sinpro-al.com.br\/v2\/wp-content\/uploads\/2015\/06\/20150602_090307-1024x576.jpg 1024w\" sizes=\"auto, (max-width: 300px) 100vw, 300px\" \/><\/a><p id=\"caption-attachment-778\" class=\"wp-caption-text\">Luiz Paccioni em reuni\u00e3o com o professor Eduardo Vasconcelos<\/p><\/div>\n<p class=\"ecxMsoNormal\">A diretoria do Sindicato dos Professores de Alagoas n\u00e3o tem medido esfor\u00e7os em defesa da categoria. O Sindicato vem avan\u00e7ando em parcerias para que o sindicalizado tenha uma melhor qualidade de vida e avan\u00e7os no\u00a0\u00e2mbito\u00a0profissional. Essa semana o presidente\u00a0Sinpro\/AL, Eduardo Vasconcelos, esteve reunido na sede do Centro Universit\u00e1rio Tiradentes (Unit) com o consultor de neg\u00f3cios da institui\u00e7\u00e3o ensino, Luiz Paccioni, para ratificar a parceria entre o Sinpro\/AL e a Unit.<\/p>\n<p class=\"ecxMsoNormal\">A partir de julho a Unit vai estar realizando as inscri\u00e7\u00f5es para a primeira p\u00f3s-gradua\u00e7\u00e3o em Alagoas de \u201cNovas Tecnologias\u00a0Educacionais\u201d que\u00a0acontecer\u00e1 quinzenalmente aos s\u00e1bados das 8h \u00e0s 12h30 e das 13h30 \u00e0s 17h40. O investimento inicial era de R$ 220,00, mas para o professor sindicalizados ao Sinpro esse valor passou para R$ 176,00. Ap\u00f3s a reuni\u00e3o entre\u00a0 o presidente do Sinpro e Luiz Paccioni; o consultor de neg\u00f3cios\u00a0 garantiu um pre\u00e7o ainda mais\u00a0acess\u00edvel\u00a0para os educadores.<\/p>\n<p class=\"ecxMsoNormal\">\u201cEstamos vendo todo empenho do professor Eduardo; as novas tecnologias est\u00e3o em alta, acredito que ser\u00e1 uma p\u00f3s bem proveitosa. Os professores que vieram se inscrever bastam comprovar a filia\u00e7\u00e3o e ter\u00e3o um desconto em cima dos R$ 176,00\u201d, garantiu Paccioni.<\/p>\n<p class=\"ecxMsoNormal\">\u201cEssa \u00e9 a primeira p\u00f3s-gradua\u00e7\u00e3o que estamos firmando parceria. Queremos propor outras p\u00f3s-gradua\u00e7\u00f5es e at\u00e9 mesmo construir as grades em parceria com as\u00a0institui\u00e7\u00f5es de ensino superior para que possam atender o interesse real do professor. Vamos buscar parcerias em mestrados, outras\u00a0gradua\u00e7\u00f5es e p\u00f3s . \u00c9 dessa forma que o docente estar\u00e1 preparado e qualificado para o exigente mercado de trabalho\u201d, exp\u00f4s Eduardo.<\/p>\n<p class=\"ecxMsoNormal\" style=\"color: #444444;\"><b>Cada vez mais preparado<\/b><\/p>\n<p class=\"ecxMsoNormal\" style=\"color: #444444;\">O Sinpro\/AL atrav\u00e9s do seu N\u00facleo de Forma\u00e7\u00e3o Docente (NFD) prop\u00f4s a Unit o \u201cCurso de Forma\u00e7\u00e3o Continuada para o Enem de\u00a0L\u00edngua\u00a0Portuguesa\u201d. A iniciativa visa qualificar ainda mais os professor para lecionar de forma espec\u00edfica as provas do Enem. \u201cA forma\u00e7\u00e3o\u00a0que n\u00f3s tivemos n\u00e3o era o que est\u00e1 sendo exigida hoje no mercado; ent\u00e3o o professor deve se aprofundar e reciclar ano ap\u00f3s ano\u201d, destacou Eduardo Vasconcelos.<\/p>\n<p class=\"ecxMsoNormal\" style=\"color: #444444;\">A primeira disciplina em\u00a0 destaque do curso ser\u00e1\u00a0\u00a0l\u00edngua\u00a0portuguesa, mas os outros \u201cCursos de Forma\u00e7\u00e3o Continuada para o Enem\u201d ser\u00e3o de outras disciplinas. Assim como a p\u00f3s-gradua\u00e7\u00e3o, o curso abrir\u00e1 suas inscri\u00e7\u00f5es em julho e ser\u00e1 amplamente divulgado pelo portal e redes sociais do Sinpro\/AL.<\/p>\n<p class=\"ecxMsoNormal\" style=\"color: #444444;\">O educador escalado para o \u201cCurso de Forma\u00e7\u00e3o Continuada para o Enem da\u00a0L\u00edngua\u00a0Portuguesa\u201d \u00e9 Nilton Resende. O curso r\u00e1pido ser\u00e1\u00a0dividido em quatro dias com as seguintes tem\u00e1ticas: diagn\u00f3sticos de poss\u00edveis dificuldade dos alunos, leitura de texto liter\u00e1rio, gram\u00e1tica no texto liter\u00e1rio, o texto cinematogr\u00e1fico, o texto pict\u00f3rico, oficina e sugest\u00f5es de pr\u00e1ticas docentes.<\/p>\n","protected":false},"excerpt":{"rendered":"<p>A diretoria do Sindicato dos Professores de Alagoas n\u00e3o tem medido esfor\u00e7os em defesa da categoria. O Sindicato vem avan\u00e7ando em parcerias para que o sindicalizado tenha uma melhor qualidade de vida e avan\u00e7os no\u00a0\u00e2mbito\u00a0profissional. Essa semana o presidente\u00a0Sinpro\/AL, Eduardo Vasconcelos, esteve reunido na sede do Centro Universit\u00e1rio Tiradentes (Unit) com o consultor de neg\u00f3cios [&hellip;]<\/p>\n","protected":false},"author":4,"featured_media":0,"comment_status":"open","ping_status":"open","sticky":false,"template":"","format":"standard","meta":{"footnotes":""},"categories":[1],"tags":[],"class_list":["post-777","post","type-post","status-publish","format-standard","hentry","category-sem-categoria"],"_links":{"self":[{"href":"http:\/\/sinpro-al.com.br\/v2\/index.php?rest_route=\/wp\/v2\/posts\/777","targetHints":{"allow":["GET"]}}],"collection":[{"href":"http:\/\/sinpro-al.com.br\/v2\/index.php?rest_route=\/wp\/v2\/posts"}],"about":[{"href":"http:\/\/sinpro-al.com.br\/v2\/index.php?rest_route=\/wp\/v2\/types\/post"}],"author":[{"embeddable":true,"href":"http:\/\/sinpro-al.com.br\/v2\/index.php?rest_route=\/wp\/v2\/users\/4"}],"replies":[{"embeddable":true,"href":"http:\/\/sinpro-al.com.br\/v2\/index.php?rest_route=%2Fwp%2Fv2%2Fcomments&post=777"}],"version-history":[{"count":1,"href":"http:\/\/sinpro-al.com.br\/v2\/index.php?rest_route=\/wp\/v2\/posts\/777\/revisions"}],"predecessor-version":[{"id":779,"href":"http:\/\/sinpro-al.com.br\/v2\/index.php?rest_route=\/wp\/v2\/posts\/777\/revisions\/779"}],"wp:attachment":[{"href":"http:\/\/sinpro-al.com.br\/v2\/index.php?rest_route=%2Fwp%2Fv2%2Fmedia&parent=777"}],"wp:term":[{"taxonomy":"category","embeddable":true,"href":"http:\/\/sinpro-al.com.br\/v2\/index.php?rest_route=%2Fwp%2Fv2%2Fcategories&post=777"},{"taxonomy":"post_tag","embeddable":true,"href":"http:\/\/sinpro-al.com.br\/v2\/index.php?rest_route=%2Fwp%2Fv2%2Ftags&post=777"}],"curies":[{"name":"wp","href":"https:\/\/api.w.org\/{rel}","templated":true}]}}