{"id":771,"date":"2015-06-02T12:38:51","date_gmt":"2015-06-02T15:38:51","guid":{"rendered":"http:\/\/sinpro-al.com.br\/v2\/?p=771"},"modified":"2015-06-02T12:38:51","modified_gmt":"2015-06-02T15:38:51","slug":"sinproal-denuncia-o-nao-pagamento-de-fgts-do-iesc","status":"publish","type":"post","link":"http:\/\/sinpro-al.com.br\/v2\/?p=771","title":{"rendered":"Sinpro\/AL denuncia o n\u00e3o pagamento de FGTS do IESC"},"content":{"rendered":"<p class=\"ecxMsoNormal\" style=\"color: #444444;\"><a href=\"http:\/\/sinpro-al.com.br\/v2\/wp-content\/uploads\/2015\/06\/iesc.jpg\"><img loading=\"lazy\" decoding=\"async\" class=\"alignleft wp-image-772 \" src=\"http:\/\/sinpro-al.com.br\/v2\/wp-content\/uploads\/2015\/06\/iesc-300x293.jpg\" alt=\"iesc\" width=\"263\" height=\"257\" srcset=\"http:\/\/sinpro-al.com.br\/v2\/wp-content\/uploads\/2015\/06\/iesc-300x293.jpg 300w, http:\/\/sinpro-al.com.br\/v2\/wp-content\/uploads\/2015\/06\/iesc.jpg 375w\" sizes=\"auto, (max-width: 263px) 100vw, 263px\" \/><\/a>O Sindicato dos Professores de Alagoas (Sinpro\/AL) denunciou ao Minist\u00e9rio P\u00fablico do Trabalho o Instituto de Ensino Superior Santa Cec\u00edlia (IESC), que funciona em Arapiraca, pela pr\u00e1tica do n\u00e3o pagamento de Fundo de Garantia\u00a0do Tempo de Servi\u00e7o (FGTS) dos professores. A diretoria do Sinpro\/AL segue atenta para as m\u00e9todos ilegais realizadas pelo setor patronal.<\/p>\n<p>O presidente do Sinpro, Eduardo Vasconcelos, e o diretor Marcelo Porto estiveram in loco na cidade do Agreste para apurar a irregularidade realizada pelo Instituto de Ensino Superior Santa Cec\u00edlia.<\/p>\n<p>&#8220;A interioriza\u00e7\u00e3o do Sinpro\/AL est\u00e1 intimamente ligada a defesa da categoria e no avan\u00e7o de conquistas. Estamos apurando outras ilegalidades em outros estabelecimentos em regi\u00f5es circunvizinhas. Caso novas comprova\u00e7\u00f5es venham \u00e0 tona buscaremos os \u00f3rg\u00e3os competentes novamente para sanar as problem\u00e1ticas&#8221;, salientou o diretor Marcelo Porto.<\/p>\n","protected":false},"excerpt":{"rendered":"<p>O Sindicato dos Professores de Alagoas (Sinpro\/AL) denunciou ao Minist\u00e9rio P\u00fablico do Trabalho o Instituto de Ensino Superior Santa Cec\u00edlia (IESC), que funciona em Arapiraca, pela pr\u00e1tica do n\u00e3o pagamento de Fundo de Garantia\u00a0do Tempo de Servi\u00e7o (FGTS) dos professores. A diretoria do Sinpro\/AL segue atenta para as m\u00e9todos ilegais realizadas pelo setor patronal. O [&hellip;]<\/p>\n","protected":false},"author":4,"featured_media":0,"comment_status":"open","ping_status":"open","sticky":false,"template":"","format":"standard","meta":{"footnotes":""},"categories":[1],"tags":[],"class_list":["post-771","post","type-post","status-publish","format-standard","hentry","category-sem-categoria"],"_links":{"self":[{"href":"http:\/\/sinpro-al.com.br\/v2\/index.php?rest_route=\/wp\/v2\/posts\/771","targetHints":{"allow":["GET"]}}],"collection":[{"href":"http:\/\/sinpro-al.com.br\/v2\/index.php?rest_route=\/wp\/v2\/posts"}],"about":[{"href":"http:\/\/sinpro-al.com.br\/v2\/index.php?rest_route=\/wp\/v2\/types\/post"}],"author":[{"embeddable":true,"href":"http:\/\/sinpro-al.com.br\/v2\/index.php?rest_route=\/wp\/v2\/users\/4"}],"replies":[{"embeddable":true,"href":"http:\/\/sinpro-al.com.br\/v2\/index.php?rest_route=%2Fwp%2Fv2%2Fcomments&post=771"}],"version-history":[{"count":1,"href":"http:\/\/sinpro-al.com.br\/v2\/index.php?rest_route=\/wp\/v2\/posts\/771\/revisions"}],"predecessor-version":[{"id":773,"href":"http:\/\/sinpro-al.com.br\/v2\/index.php?rest_route=\/wp\/v2\/posts\/771\/revisions\/773"}],"wp:attachment":[{"href":"http:\/\/sinpro-al.com.br\/v2\/index.php?rest_route=%2Fwp%2Fv2%2Fmedia&parent=771"}],"wp:term":[{"taxonomy":"category","embeddable":true,"href":"http:\/\/sinpro-al.com.br\/v2\/index.php?rest_route=%2Fwp%2Fv2%2Fcategories&post=771"},{"taxonomy":"post_tag","embeddable":true,"href":"http:\/\/sinpro-al.com.br\/v2\/index.php?rest_route=%2Fwp%2Fv2%2Ftags&post=771"}],"curies":[{"name":"wp","href":"https:\/\/api.w.org\/{rel}","templated":true}]}}