{"id":762,"date":"2015-05-29T13:39:09","date_gmt":"2015-05-29T16:39:09","guid":{"rendered":"http:\/\/sinpro-al.com.br\/v2\/?p=762"},"modified":"2015-05-29T13:43:15","modified_gmt":"2015-05-29T16:43:15","slug":"sinproal-encaminha-oficio-para-mpt-mediar-acordo-coletivo-da-categoria","status":"publish","type":"post","link":"http:\/\/sinpro-al.com.br\/v2\/?p=762","title":{"rendered":"Sinpro\/AL encaminha of\u00edcio para MPT mediar acordo coletivo da categoria"},"content":{"rendered":"<div id=\"attachment_763\" style=\"width: 290px\" class=\"wp-caption alignleft\"><a href=\"http:\/\/sinpro-al.com.br\/v2\/wp-content\/uploads\/2015\/05\/acordo.png\"><img loading=\"lazy\" decoding=\"async\" aria-describedby=\"caption-attachment-763\" class=\"wp-image-763 \" src=\"http:\/\/sinpro-al.com.br\/v2\/wp-content\/uploads\/2015\/05\/acordo.png\" alt=\"acordo\" width=\"280\" height=\"210\" \/><\/a><p id=\"caption-attachment-763\" class=\"wp-caption-text\">Somos professores com orgulho e exigimos respeito<\/p><\/div>\n<p>&nbsp;<\/p>\n<p>O Sindicato dos Professores de Alagoas (Sinpro \/AL) encaminhou of\u00edcio para o Minist\u00e9rio P\u00fabico do Trabalho da 19\u00aa\u00a0\u00a0Regi\u00e3o para que o \u00f3rg\u00e3o realize a media\u00e7\u00e3o da negocia\u00e7\u00e3o coletiva de trabalho dos professores da rede privada entre o Sinpro\/AL\u00a0e o Sindciato dos Estabelecimentos de Ensino Privado do Estado de Alagoas (Sinepe\/AL). A diretoria do Sindicato dos Professores n\u00e3o vem medindo esfor\u00e7os para dar celeridade ao acordo que ser\u00e1 firmado entre as entidades.<\/p>\n<p>O documento encaminhado ao Minist\u00e9rio P\u00fablico do Trabalho ainda narra: \u201cAdiante-se que o Sindicato dos Professores \u00a0de Alagoas apesar de n\u00e3o ter medido todos os esfor\u00e7os, ainda n\u00e3o recebeu resposta do of\u00edcio que fora enviado anteriormente, ou qualquer sinaliza\u00e7\u00e3o para que ocorra a negocia\u00e7\u00e3o coletiva, dada a falta de vontade, insensibilidade e intransig\u00eancia do Sindicato Patronal\u201d.<\/p>\n","protected":false},"excerpt":{"rendered":"<p>&nbsp; O Sindicato dos Professores de Alagoas (Sinpro \/AL) encaminhou of\u00edcio para o Minist\u00e9rio P\u00fabico do Trabalho da 19\u00aa\u00a0\u00a0Regi\u00e3o para que o \u00f3rg\u00e3o realize a media\u00e7\u00e3o da negocia\u00e7\u00e3o coletiva de trabalho dos professores da rede privada entre o Sinpro\/AL\u00a0e o Sindciato dos Estabelecimentos de Ensino Privado do Estado de Alagoas (Sinepe\/AL). A diretoria do Sindicato [&hellip;]<\/p>\n","protected":false},"author":4,"featured_media":0,"comment_status":"open","ping_status":"open","sticky":false,"template":"","format":"standard","meta":{"footnotes":""},"categories":[1],"tags":[],"class_list":["post-762","post","type-post","status-publish","format-standard","hentry","category-sem-categoria"],"_links":{"self":[{"href":"http:\/\/sinpro-al.com.br\/v2\/index.php?rest_route=\/wp\/v2\/posts\/762","targetHints":{"allow":["GET"]}}],"collection":[{"href":"http:\/\/sinpro-al.com.br\/v2\/index.php?rest_route=\/wp\/v2\/posts"}],"about":[{"href":"http:\/\/sinpro-al.com.br\/v2\/index.php?rest_route=\/wp\/v2\/types\/post"}],"author":[{"embeddable":true,"href":"http:\/\/sinpro-al.com.br\/v2\/index.php?rest_route=\/wp\/v2\/users\/4"}],"replies":[{"embeddable":true,"href":"http:\/\/sinpro-al.com.br\/v2\/index.php?rest_route=%2Fwp%2Fv2%2Fcomments&post=762"}],"version-history":[{"count":4,"href":"http:\/\/sinpro-al.com.br\/v2\/index.php?rest_route=\/wp\/v2\/posts\/762\/revisions"}],"predecessor-version":[{"id":767,"href":"http:\/\/sinpro-al.com.br\/v2\/index.php?rest_route=\/wp\/v2\/posts\/762\/revisions\/767"}],"wp:attachment":[{"href":"http:\/\/sinpro-al.com.br\/v2\/index.php?rest_route=%2Fwp%2Fv2%2Fmedia&parent=762"}],"wp:term":[{"taxonomy":"category","embeddable":true,"href":"http:\/\/sinpro-al.com.br\/v2\/index.php?rest_route=%2Fwp%2Fv2%2Fcategories&post=762"},{"taxonomy":"post_tag","embeddable":true,"href":"http:\/\/sinpro-al.com.br\/v2\/index.php?rest_route=%2Fwp%2Fv2%2Ftags&post=762"}],"curies":[{"name":"wp","href":"https:\/\/api.w.org\/{rel}","templated":true}]}}