{"id":743,"date":"2015-05-25T13:18:58","date_gmt":"2015-05-25T16:18:58","guid":{"rendered":"http:\/\/sinpro-al.com.br\/v2\/?p=743"},"modified":"2015-05-25T13:22:37","modified_gmt":"2015-05-25T16:22:37","slug":"sinproal-distribuira-cartilha-para-informar-professores-sobre-seus-direitos-previdenciarios","status":"publish","type":"post","link":"http:\/\/sinpro-al.com.br\/v2\/?p=743","title":{"rendered":"Sinpro\/AL  distribuir\u00e1 cartilha para informar os direitos previdenci\u00e1rios dos professores"},"content":{"rendered":"<div id=\"attachment_744\" style=\"width: 310px\" class=\"wp-caption alignleft\"><a href=\"http:\/\/sinpro-al.com.br\/v2\/wp-content\/uploads\/2015\/05\/123.jpg\"><img loading=\"lazy\" decoding=\"async\" aria-describedby=\"caption-attachment-744\" class=\"wp-image-744 size-medium\" src=\"http:\/\/sinpro-al.com.br\/v2\/wp-content\/uploads\/2015\/05\/123-300x216.jpg\" alt=\"123\" width=\"300\" height=\"216\" srcset=\"http:\/\/sinpro-al.com.br\/v2\/wp-content\/uploads\/2015\/05\/123-300x216.jpg 300w, http:\/\/sinpro-al.com.br\/v2\/wp-content\/uploads\/2015\/05\/123-1024x737.jpg 1024w\" sizes=\"auto, (max-width: 300px) 100vw, 300px\" \/><\/a><p id=\"caption-attachment-744\" class=\"wp-caption-text\">Advogada Patr\u00edcia Omena<\/p><\/div>\n<p>A advogada Patr\u00edcia Omena firmou uma parceria com o\u00a0Sindicato\u00a0dos Professores de Alagoas (Sinpro\/AL) para distribui\u00e7\u00e3o\u00a0 de uma cartilha, de sua autoria,\u00a0que esclarece e tira as d\u00favidas dos educadores sobre in\u00fameros direitos previdenci\u00e1rios da categoria. O diretor\u00a0\u00c2ngelo\u00a0Farias \u00e9 um\u00a0dos membros do Sindicato que est\u00e1\u00a0imbu\u00eddo\u00a0nessa atividade auxiliando a advogada com informa\u00e7\u00f5es e levando a realidade do dia a dia dos\u00a0profissionais para realiza\u00e7\u00e3o de um material\u00a0did\u00e1tico\u00a0e exemplificador.<\/p>\n<p>\u201cMuita das vezes as escolas violam os direitos dos professores e at\u00e9 por falta de conhecimento os colegas se\u00a0prejudicam. Uma das miss\u00f5es do\u00a0Sinpro\/AL nesse momento \u00e9 esclarecer e ajudar os profissionais que sofram qualquer tipo de repres\u00e1lia ou sejam preteridos por doen\u00e7as\u00a0ocupacionais\u00a0adquiridas\u00a0em servi\u00e7o\u201d, esclareceu\u00a0\u00a0\u00c2ngelo.<\/p>\n<p>Uma das maiores d\u00favidas \u00e9 o benef\u00edcio de aux\u00edlio doen\u00e7a comum (B31), que \u00e9 concedido ao segurado impedido de trabalhar por doen\u00e7a ou acidente, mas que n\u00e3o guarda nexo com o trabalho. Este tipo de benef\u00edcio n\u00e3o gera estabilidade.\u00a0\u201cNa maioria das vezes quando o professor volta a dar aula \u00e9 demitido, sem qualquer justificativa, s\u00f3 por ter de afastado para se curar de uma\u00a0enfermidade\u201d, destacou o diretor do\u00a0Sinpro\/AL.<\/p>\n<p>O benef\u00edcio acident\u00e1rio esp\u00e9cie 91 da Previd\u00eancia Social \u00e9 o benef\u00edcio que exige a CAT (Comunica\u00e7\u00e3o de Acidente do Trabalho) e \u00e9 concedido ao segurado que sofre acidente de trabalho, inclusive o de trajeto, ou para aquele trabalhador que se torna portador de doen\u00e7a profissional. O segurado ter\u00e1 direito de receber o benef\u00edcio at\u00e9 que tenha condi\u00e7\u00f5es de retornar ao trabalho e ser habilitado para exercer outra fun\u00e7\u00e3o compat\u00edvel.<\/p>\n<p>Muitas vezes o trabalhador tem doen\u00e7a profissional, adquirida pelos esfor\u00e7os advindos das suas atividades profissionais, e pensa que \u00e9 doen\u00e7a comum. Assim, inv\u00e9s de requerer a Comunica\u00e7\u00e3o de Acidente de Trabalho para dar entrada no benef\u00edcio aux\u00edlio acident\u00e1rio (B91), acaba requerendo o B31 (aux\u00edlio doen\u00e7a previdenci\u00e1rio).<\/p>\n<p>\u201cEssa ser\u00e1 uma das explica\u00e7\u00f5es b\u00e1sicas que ter\u00e1 na cartilha. Vamos elucidar d\u00favidas e mitos. Em breve essa cartilha ser\u00e1\u00a0distribu\u00edda\u00a0nas\u00a0institui\u00e7\u00f5es\u00a0de ensino, estr\u00e1 dispon\u00edvel no Sinpro\/AL e no portal da categoria\u201d,\u00a0exp\u00f4s\u00a0a advogada Patr\u00edcia Omena.<\/p>\n","protected":false},"excerpt":{"rendered":"<p>A advogada Patr\u00edcia Omena firmou uma parceria com o\u00a0Sindicato\u00a0dos Professores de Alagoas (Sinpro\/AL) para distribui\u00e7\u00e3o\u00a0 de uma cartilha, de sua autoria,\u00a0que esclarece e tira as d\u00favidas dos educadores sobre in\u00fameros direitos previdenci\u00e1rios da categoria. O diretor\u00a0\u00c2ngelo\u00a0Farias \u00e9 um\u00a0dos membros do Sindicato que est\u00e1\u00a0imbu\u00eddo\u00a0nessa atividade auxiliando a advogada com informa\u00e7\u00f5es e levando a realidade do dia [&hellip;]<\/p>\n","protected":false},"author":4,"featured_media":0,"comment_status":"open","ping_status":"open","sticky":false,"template":"","format":"standard","meta":{"footnotes":""},"categories":[1],"tags":[],"class_list":["post-743","post","type-post","status-publish","format-standard","hentry","category-sem-categoria"],"_links":{"self":[{"href":"http:\/\/sinpro-al.com.br\/v2\/index.php?rest_route=\/wp\/v2\/posts\/743","targetHints":{"allow":["GET"]}}],"collection":[{"href":"http:\/\/sinpro-al.com.br\/v2\/index.php?rest_route=\/wp\/v2\/posts"}],"about":[{"href":"http:\/\/sinpro-al.com.br\/v2\/index.php?rest_route=\/wp\/v2\/types\/post"}],"author":[{"embeddable":true,"href":"http:\/\/sinpro-al.com.br\/v2\/index.php?rest_route=\/wp\/v2\/users\/4"}],"replies":[{"embeddable":true,"href":"http:\/\/sinpro-al.com.br\/v2\/index.php?rest_route=%2Fwp%2Fv2%2Fcomments&post=743"}],"version-history":[{"count":3,"href":"http:\/\/sinpro-al.com.br\/v2\/index.php?rest_route=\/wp\/v2\/posts\/743\/revisions"}],"predecessor-version":[{"id":746,"href":"http:\/\/sinpro-al.com.br\/v2\/index.php?rest_route=\/wp\/v2\/posts\/743\/revisions\/746"}],"wp:attachment":[{"href":"http:\/\/sinpro-al.com.br\/v2\/index.php?rest_route=%2Fwp%2Fv2%2Fmedia&parent=743"}],"wp:term":[{"taxonomy":"category","embeddable":true,"href":"http:\/\/sinpro-al.com.br\/v2\/index.php?rest_route=%2Fwp%2Fv2%2Fcategories&post=743"},{"taxonomy":"post_tag","embeddable":true,"href":"http:\/\/sinpro-al.com.br\/v2\/index.php?rest_route=%2Fwp%2Fv2%2Ftags&post=743"}],"curies":[{"name":"wp","href":"https:\/\/api.w.org\/{rel}","templated":true}]}}