{"id":727,"date":"2015-05-18T11:59:10","date_gmt":"2015-05-18T14:59:10","guid":{"rendered":"http:\/\/sinpro-al.com.br\/v2\/?p=727"},"modified":"2015-05-18T11:59:10","modified_gmt":"2015-05-18T14:59:10","slug":"sinproal-comeca-projeto-de-interiorizacao-arapiraca-e-o-primeiro-passo","status":"publish","type":"post","link":"http:\/\/sinpro-al.com.br\/v2\/?p=727","title":{"rendered":"Sinpro\/AL come\u00e7a projeto de interioriza\u00e7\u00e3o; Arapiraca \u00e9 o primeiro passo"},"content":{"rendered":"<p><a href=\"http:\/\/sinpro-al.com.br\/v2\/wp-content\/uploads\/2015\/05\/arapiraca.jpg\"><img loading=\"lazy\" decoding=\"async\" class=\"alignleft size-medium wp-image-728\" src=\"http:\/\/sinpro-al.com.br\/v2\/wp-content\/uploads\/2015\/05\/arapiraca-300x288.jpg\" alt=\"arapiraca\" width=\"300\" height=\"288\" srcset=\"http:\/\/sinpro-al.com.br\/v2\/wp-content\/uploads\/2015\/05\/arapiraca-300x288.jpg 300w, http:\/\/sinpro-al.com.br\/v2\/wp-content\/uploads\/2015\/05\/arapiraca.jpg 385w\" sizes=\"auto, (max-width: 300px) 100vw, 300px\" \/><\/a>O Sindicato dos Professores de Alagoas possui mais de 50 anos e nunca foi interiorizado para representar e defender os educadores de todo Estado; mesmo sendo sua prerrogativa. Com a posse da nova diretoria e os trabalhados de reestrutura\u00e7\u00e3o sendo conduzidos, um dos primeiros pontos de propostas que foram iniciados foi a interioriza\u00e7\u00e3o do Sinpro\/AL.<\/p>\n<p>O presidente do Sinpro\/AL, Eduardo Vasconcelos, e o diretor Marcelo Porto estiveram em Arapiraca \u2013 segunda cidade mais populosa de Alagoas, situada na regi\u00e3o Agreste\u00a0 \u2013 para concretizar o sonho de d\u00e9cadas: uma sede do Sinpro para contemplar os professores da cidade e regi\u00f5es circunvizinhas.<\/p>\n<p>\u201cA futura sede do Sinpro\/AL ser\u00e1 no Centro de Arapiraca, um lugar bem localizado e vai atender num futuro breve as mesmas demandas que a sede do Sipro\/AL em Macei\u00f3 realiza. Quest\u00f5es burocr\u00e1ticas e contrata\u00e7\u00e3o de funcion\u00e1rios ser\u00e3o o segundo ponto. Representamos todos os professores, n\u00e3o apenas os de Macei\u00f3. Essa \u00e9 uma de nossas medidas priorit\u00e1rias\u201d, colocou Porto.<\/p>\n<p>J\u00e1 o presidente Eduardo Vasconcelos disse que, por enquanto, j\u00e1 que n\u00e3o houve a mudan\u00e7a estatut\u00e1ria necess\u00e1ria os atuais diretores ir\u00e3o se resevar para dar sequ\u00eancia no trabalho em Arapiraca. \u201cVamos ter que nomear um delegado para nossa filial em Arapiraca, mas isso requer uma mudan\u00e7a no estatuto. Tudo vem sendo feito com muita vontade e coer\u00eancia. Acredito que em 60 dias o Sinpro em Arapiraca esteja em pleno funcionamento\u201d, enfatizou o presidente.<\/p>\n<p>A diretoria do Sinpro\/AL pensa em ampliar as bases do Sindicato para os quatro cantos do\u00a0 Estado para que ocorra uma verdadeira inteira\u00e7\u00e3o e representatividade dos professores da rede privada de Alagoas. As reformas administrativas, fiscais e pol\u00edticas do Sinpro seguem alinhadas com o trabalho em prol das conquistas da categoria.<\/p>\n","protected":false},"excerpt":{"rendered":"<p>O Sindicato dos Professores de Alagoas possui mais de 50 anos e nunca foi interiorizado para representar e defender os educadores de todo Estado; mesmo sendo sua prerrogativa. Com a posse da nova diretoria e os trabalhados de reestrutura\u00e7\u00e3o sendo conduzidos, um dos primeiros pontos de propostas que foram iniciados foi a interioriza\u00e7\u00e3o do Sinpro\/AL. [&hellip;]<\/p>\n","protected":false},"author":4,"featured_media":0,"comment_status":"open","ping_status":"open","sticky":false,"template":"","format":"standard","meta":{"footnotes":""},"categories":[1],"tags":[],"class_list":["post-727","post","type-post","status-publish","format-standard","hentry","category-sem-categoria"],"_links":{"self":[{"href":"http:\/\/sinpro-al.com.br\/v2\/index.php?rest_route=\/wp\/v2\/posts\/727","targetHints":{"allow":["GET"]}}],"collection":[{"href":"http:\/\/sinpro-al.com.br\/v2\/index.php?rest_route=\/wp\/v2\/posts"}],"about":[{"href":"http:\/\/sinpro-al.com.br\/v2\/index.php?rest_route=\/wp\/v2\/types\/post"}],"author":[{"embeddable":true,"href":"http:\/\/sinpro-al.com.br\/v2\/index.php?rest_route=\/wp\/v2\/users\/4"}],"replies":[{"embeddable":true,"href":"http:\/\/sinpro-al.com.br\/v2\/index.php?rest_route=%2Fwp%2Fv2%2Fcomments&post=727"}],"version-history":[{"count":1,"href":"http:\/\/sinpro-al.com.br\/v2\/index.php?rest_route=\/wp\/v2\/posts\/727\/revisions"}],"predecessor-version":[{"id":729,"href":"http:\/\/sinpro-al.com.br\/v2\/index.php?rest_route=\/wp\/v2\/posts\/727\/revisions\/729"}],"wp:attachment":[{"href":"http:\/\/sinpro-al.com.br\/v2\/index.php?rest_route=%2Fwp%2Fv2%2Fmedia&parent=727"}],"wp:term":[{"taxonomy":"category","embeddable":true,"href":"http:\/\/sinpro-al.com.br\/v2\/index.php?rest_route=%2Fwp%2Fv2%2Fcategories&post=727"},{"taxonomy":"post_tag","embeddable":true,"href":"http:\/\/sinpro-al.com.br\/v2\/index.php?rest_route=%2Fwp%2Fv2%2Ftags&post=727"}],"curies":[{"name":"wp","href":"https:\/\/api.w.org\/{rel}","templated":true}]}}