{"id":723,"date":"2015-05-14T19:53:19","date_gmt":"2015-05-14T22:53:19","guid":{"rendered":"http:\/\/sinpro-al.com.br\/v2\/?p=723"},"modified":"2015-05-14T20:42:48","modified_gmt":"2015-05-14T23:42:48","slug":"presidente-do-sinproal-concede-entrevista-na-radio-jovem-pan","status":"publish","type":"post","link":"http:\/\/sinpro-al.com.br\/v2\/?p=723","title":{"rendered":"Presidente do Sinpro\/AL concede entrevista na r\u00e1dio Jovem Pan"},"content":{"rendered":"<p><span style=\"color: #141823;\"><a href=\"http:\/\/sinpro-al.com.br\/v2\/wp-content\/uploads\/2015\/05\/edu-pan.jpg\"><img loading=\"lazy\" decoding=\"async\" class=\"alignleft size-medium wp-image-724\" src=\"http:\/\/sinpro-al.com.br\/v2\/wp-content\/uploads\/2015\/05\/edu-pan-300x168.jpg\" alt=\"edu pan\" width=\"300\" height=\"168\" srcset=\"http:\/\/sinpro-al.com.br\/v2\/wp-content\/uploads\/2015\/05\/edu-pan-300x168.jpg 300w, http:\/\/sinpro-al.com.br\/v2\/wp-content\/uploads\/2015\/05\/edu-pan.jpg 960w\" sizes=\"auto, (max-width: 300px) 100vw, 300px\" \/><\/a>O presidente do Sindicato dos Professores de Alagoas (Sinpro\/AL), Eduardo Vasconcelos, foi o entrevistado nesta quinta-feira, 14\/05, do radialista Elisio Silva no programa a Hora da Verdade, na Jovem Pan.\u00a0<\/span><br style=\"color: #141823;\" \/><br style=\"color: #141823;\" \/><span style=\"color: #141823;\">Eduardo falou do pleito que lhe elegeu e toda diretoria, al\u00e9m de agradecer a ades\u00e3o e o apoio da categoria. O presidente do Sinpro\/AL comentou tamb\u00e9m sobre a necessidade emergencial da reestrutur<\/span><span class=\"text_exposed_show\" style=\"color: #141823;\">a\u00e7\u00e3o f\u00edsica, administrativa e financeira do Sindicato.<\/span><\/p>\n<p>&#8220;Hoje j\u00e1 organizamos as quest\u00f5es das homologa\u00e7\u00f5es, estamos estruturando nosso setor de comunica\u00e7\u00e3o e em breve vamos ter boas not\u00edcias sobre o processo de interioriza\u00e7\u00e3o do Sindicato dos Professores de Alagoas&#8221;.<\/p>\n<p>Eduardo tamb\u00e9m frisou que n\u00e3o h\u00e1 mais chapas, n\u00e3o h\u00e1 mais diferen\u00e7as entre os professores. &#8220;Somos todos Sinpro. Somos todos professores com orgulho e exigimos respeito&#8221;, concluiu.<\/p>\n","protected":false},"excerpt":{"rendered":"<p>O presidente do Sindicato dos Professores de Alagoas (Sinpro\/AL), Eduardo Vasconcelos, foi o entrevistado nesta quinta-feira, 14\/05, do radialista Elisio Silva no programa a Hora da Verdade, na Jovem Pan.\u00a0Eduardo falou do pleito que lhe elegeu e toda diretoria, al\u00e9m de agradecer a ades\u00e3o e o apoio da categoria. O presidente do Sinpro\/AL comentou tamb\u00e9m [&hellip;]<\/p>\n","protected":false},"author":4,"featured_media":0,"comment_status":"open","ping_status":"open","sticky":false,"template":"","format":"standard","meta":{"footnotes":""},"categories":[1],"tags":[],"class_list":["post-723","post","type-post","status-publish","format-standard","hentry","category-sem-categoria"],"_links":{"self":[{"href":"http:\/\/sinpro-al.com.br\/v2\/index.php?rest_route=\/wp\/v2\/posts\/723","targetHints":{"allow":["GET"]}}],"collection":[{"href":"http:\/\/sinpro-al.com.br\/v2\/index.php?rest_route=\/wp\/v2\/posts"}],"about":[{"href":"http:\/\/sinpro-al.com.br\/v2\/index.php?rest_route=\/wp\/v2\/types\/post"}],"author":[{"embeddable":true,"href":"http:\/\/sinpro-al.com.br\/v2\/index.php?rest_route=\/wp\/v2\/users\/4"}],"replies":[{"embeddable":true,"href":"http:\/\/sinpro-al.com.br\/v2\/index.php?rest_route=%2Fwp%2Fv2%2Fcomments&post=723"}],"version-history":[{"count":2,"href":"http:\/\/sinpro-al.com.br\/v2\/index.php?rest_route=\/wp\/v2\/posts\/723\/revisions"}],"predecessor-version":[{"id":726,"href":"http:\/\/sinpro-al.com.br\/v2\/index.php?rest_route=\/wp\/v2\/posts\/723\/revisions\/726"}],"wp:attachment":[{"href":"http:\/\/sinpro-al.com.br\/v2\/index.php?rest_route=%2Fwp%2Fv2%2Fmedia&parent=723"}],"wp:term":[{"taxonomy":"category","embeddable":true,"href":"http:\/\/sinpro-al.com.br\/v2\/index.php?rest_route=%2Fwp%2Fv2%2Fcategories&post=723"},{"taxonomy":"post_tag","embeddable":true,"href":"http:\/\/sinpro-al.com.br\/v2\/index.php?rest_route=%2Fwp%2Fv2%2Ftags&post=723"}],"curies":[{"name":"wp","href":"https:\/\/api.w.org\/{rel}","templated":true}]}}