{"id":715,"date":"2015-05-12T14:38:01","date_gmt":"2015-05-12T17:38:01","guid":{"rendered":"http:\/\/sinpro-al.com.br\/v2\/?p=715"},"modified":"2015-05-12T14:38:01","modified_gmt":"2015-05-12T17:38:01","slug":"palavra-do-presidente-nao-ha-mais-chapas-nao-ha-mais-diferencas-somos-todos-professores-com-orgulho-e-exigimos-respeito","status":"publish","type":"post","link":"http:\/\/sinpro-al.com.br\/v2\/?p=715","title":{"rendered":"Palavra do presidente: &#8220;N\u00e3o h\u00e1 mais chapas, n\u00e3o h\u00e1 mais diferen\u00e7as. Somos todos professores com orgulho e exigimos respeito&#8221;"},"content":{"rendered":"<p style=\"color: #141823;\"><a href=\"http:\/\/sinpro-al.com.br\/v2\/wp-content\/uploads\/2015\/05\/daefdeferwfrw.jpg\"><img loading=\"lazy\" decoding=\"async\" class=\"alignleft  wp-image-716\" src=\"http:\/\/sinpro-al.com.br\/v2\/wp-content\/uploads\/2015\/05\/daefdeferwfrw-300x290.jpg\" alt=\"daefdeferwfrw\" width=\"252\" height=\"244\" srcset=\"http:\/\/sinpro-al.com.br\/v2\/wp-content\/uploads\/2015\/05\/daefdeferwfrw-300x290.jpg 300w, http:\/\/sinpro-al.com.br\/v2\/wp-content\/uploads\/2015\/05\/daefdeferwfrw.jpg 800w\" sizes=\"auto, (max-width: 252px) 100vw, 252px\" \/><\/a>O Sindicato dos Professores de Alagoas (Sinpro\/AL) teve a oportunidade de escolher seus representantes na \u00faltima sexta-feira, 8\/05. A diretoria eleita ir\u00e1 se debru\u00e7ar para que ocorra uma reestrutura\u00e7\u00e3o f\u00edsica, administrativa e fiscal no Sinpro\/AL. Que fique claro: n\u00e3o h\u00e1 mais chapas, n\u00e3o h\u00e1 mais diferen\u00e7as. Somos todos professores com orgulho e exigimos respeito.<\/p>\n<p>\u00c9 com pensamento de trabalho, transpar\u00eancia e futuras conquistas que essa diretoria ir\u00e1 honrar cada professor da<span class=\"text_exposed_show\">\u00a0rede privada de Alagoas.<\/span><\/p>\n<div class=\"text_exposed_show\" style=\"color: #141823;\">\n<p>\u00c9 tempo de construir; cada professor que vier para somar ser\u00e1 bem vindo \u00e0 casa do educador \u2013 onde ele deve se sentir protegido e representado: o Sinpro.<\/p>\n<p>Tamb\u00e9m \u00e9 tempo de arrega\u00e7ar as mangas, olhar para frente e ter a certeza que somos a mudan\u00e7a; essa respons\u00e1vel, que tem voz e onde o professor ter\u00e1 vez.<\/p>\n<p>Quero agradecer aos bravos professores que participaram de uma campanha hist\u00f3rica no mundo sindical nacional. Os professores deram exemplo de maturidade pol\u00edtica durante um pleito acirrado.<\/p>\n<p>Para que jamais esquecemos: Somos professores com orgulho e exigimos respeito.<\/p>\n<p>Vamos \u00e0 luta!<\/p>\n<p>Obrigado.<\/p>\n<p><strong>Eduardo Vasconcelos<\/strong> \u2013<em> Presidente do Sindicato dos Professores de Alagoas<\/em><\/p>\n<\/div>\n","protected":false},"excerpt":{"rendered":"<p>O Sindicato dos Professores de Alagoas (Sinpro\/AL) teve a oportunidade de escolher seus representantes na \u00faltima sexta-feira, 8\/05. A diretoria eleita ir\u00e1 se debru\u00e7ar para que ocorra uma reestrutura\u00e7\u00e3o f\u00edsica, administrativa e fiscal no Sinpro\/AL. Que fique claro: n\u00e3o h\u00e1 mais chapas, n\u00e3o h\u00e1 mais diferen\u00e7as. Somos todos professores com orgulho e exigimos respeito. \u00c9 [&hellip;]<\/p>\n","protected":false},"author":4,"featured_media":0,"comment_status":"open","ping_status":"open","sticky":false,"template":"","format":"standard","meta":{"footnotes":""},"categories":[1],"tags":[],"class_list":["post-715","post","type-post","status-publish","format-standard","hentry","category-sem-categoria"],"_links":{"self":[{"href":"http:\/\/sinpro-al.com.br\/v2\/index.php?rest_route=\/wp\/v2\/posts\/715","targetHints":{"allow":["GET"]}}],"collection":[{"href":"http:\/\/sinpro-al.com.br\/v2\/index.php?rest_route=\/wp\/v2\/posts"}],"about":[{"href":"http:\/\/sinpro-al.com.br\/v2\/index.php?rest_route=\/wp\/v2\/types\/post"}],"author":[{"embeddable":true,"href":"http:\/\/sinpro-al.com.br\/v2\/index.php?rest_route=\/wp\/v2\/users\/4"}],"replies":[{"embeddable":true,"href":"http:\/\/sinpro-al.com.br\/v2\/index.php?rest_route=%2Fwp%2Fv2%2Fcomments&post=715"}],"version-history":[{"count":1,"href":"http:\/\/sinpro-al.com.br\/v2\/index.php?rest_route=\/wp\/v2\/posts\/715\/revisions"}],"predecessor-version":[{"id":717,"href":"http:\/\/sinpro-al.com.br\/v2\/index.php?rest_route=\/wp\/v2\/posts\/715\/revisions\/717"}],"wp:attachment":[{"href":"http:\/\/sinpro-al.com.br\/v2\/index.php?rest_route=%2Fwp%2Fv2%2Fmedia&parent=715"}],"wp:term":[{"taxonomy":"category","embeddable":true,"href":"http:\/\/sinpro-al.com.br\/v2\/index.php?rest_route=%2Fwp%2Fv2%2Fcategories&post=715"},{"taxonomy":"post_tag","embeddable":true,"href":"http:\/\/sinpro-al.com.br\/v2\/index.php?rest_route=%2Fwp%2Fv2%2Ftags&post=715"}],"curies":[{"name":"wp","href":"https:\/\/api.w.org\/{rel}","templated":true}]}}