{"id":702,"date":"2015-05-08T12:34:29","date_gmt":"2015-05-08T15:34:29","guid":{"rendered":"http:\/\/sinpro-al.com.br\/v2\/?p=702"},"modified":"2015-05-08T12:34:29","modified_gmt":"2015-05-08T15:34:29","slug":"professores-escolhem-nova-diretoria-do-sinpro-al","status":"publish","type":"post","link":"http:\/\/sinpro-al.com.br\/v2\/?p=702","title":{"rendered":"Professores escolhem nova diretoria do Sinpro-AL"},"content":{"rendered":"<div id=\"attachment_703\" style=\"width: 198px\" class=\"wp-caption alignleft\"><a href=\"http:\/\/sinpro-al.com.br\/v2\/wp-content\/uploads\/2015\/05\/IMG-20150508-WA0003-e1431098982224.jpeg\"><img loading=\"lazy\" decoding=\"async\" aria-describedby=\"caption-attachment-703\" class=\"wp-image-703\" src=\"http:\/\/sinpro-al.com.br\/v2\/wp-content\/uploads\/2015\/05\/IMG-20150508-WA0003-e1431098982224.jpeg\" alt=\"Professores na entrada do Sinpro-AL para vota\u00e7\u00e3o\" width=\"188\" height=\"141\" srcset=\"http:\/\/sinpro-al.com.br\/v2\/wp-content\/uploads\/2015\/05\/IMG-20150508-WA0003-e1431098982224.jpeg 2048w, http:\/\/sinpro-al.com.br\/v2\/wp-content\/uploads\/2015\/05\/IMG-20150508-WA0003-e1431098982224-300x225.jpeg 300w, http:\/\/sinpro-al.com.br\/v2\/wp-content\/uploads\/2015\/05\/IMG-20150508-WA0003-e1431098982224-1024x768.jpeg 1024w\" sizes=\"auto, (max-width: 188px) 100vw, 188px\" \/><\/a><p id=\"caption-attachment-703\" class=\"wp-caption-text\">Professores na entrada do Sinpro-AL para vota\u00e7\u00e3o<\/p><\/div>\n<p>Nesta sexta-feira (8) os professores da rede privada de ensino est\u00e3o indo \u00e0s urnas para eleger a nova diretoria do Sindicato dos Professores do Estado de Alagoas (Sinpro-AL).<\/p>\n<p>O pleito est\u00e1 ocorrendo em tr\u00eas locais diferentes: na pr\u00f3pria sede da entidade, no Iate Clube Paju\u00e7ara e no Ibama. Al\u00e9m de uma urna itinerante nos bairros do Tabuleiro, Clima Bom, Benedito Bentes, Cidade Universit\u00e1ria e Santos Dumont.<\/p>\n<p>Para votar os professores precisam levar um documento oficial com foto para identifica\u00e7\u00e3o.<\/p>\n<p>O resultado deve sair ainda na noite desta sexta-feira.<\/p>\n","protected":false},"excerpt":{"rendered":"<p>Nesta sexta-feira (8) os professores da rede privada de ensino est\u00e3o indo \u00e0s urnas para eleger a nova diretoria do Sindicato dos Professores do Estado de Alagoas (Sinpro-AL). O pleito est\u00e1 ocorrendo em tr\u00eas locais diferentes: na pr\u00f3pria sede da entidade, no Iate Clube Paju\u00e7ara e no Ibama. Al\u00e9m de uma urna itinerante nos bairros [&hellip;]<\/p>\n","protected":false},"author":4,"featured_media":0,"comment_status":"open","ping_status":"open","sticky":false,"template":"","format":"standard","meta":{"footnotes":""},"categories":[18,13,4],"tags":[],"class_list":["post-702","post","type-post","status-publish","format-standard","hentry","category-alagoas","category-educacao","category-noticias-sinpro-al"],"_links":{"self":[{"href":"http:\/\/sinpro-al.com.br\/v2\/index.php?rest_route=\/wp\/v2\/posts\/702","targetHints":{"allow":["GET"]}}],"collection":[{"href":"http:\/\/sinpro-al.com.br\/v2\/index.php?rest_route=\/wp\/v2\/posts"}],"about":[{"href":"http:\/\/sinpro-al.com.br\/v2\/index.php?rest_route=\/wp\/v2\/types\/post"}],"author":[{"embeddable":true,"href":"http:\/\/sinpro-al.com.br\/v2\/index.php?rest_route=\/wp\/v2\/users\/4"}],"replies":[{"embeddable":true,"href":"http:\/\/sinpro-al.com.br\/v2\/index.php?rest_route=%2Fwp%2Fv2%2Fcomments&post=702"}],"version-history":[{"count":1,"href":"http:\/\/sinpro-al.com.br\/v2\/index.php?rest_route=\/wp\/v2\/posts\/702\/revisions"}],"predecessor-version":[{"id":704,"href":"http:\/\/sinpro-al.com.br\/v2\/index.php?rest_route=\/wp\/v2\/posts\/702\/revisions\/704"}],"wp:attachment":[{"href":"http:\/\/sinpro-al.com.br\/v2\/index.php?rest_route=%2Fwp%2Fv2%2Fmedia&parent=702"}],"wp:term":[{"taxonomy":"category","embeddable":true,"href":"http:\/\/sinpro-al.com.br\/v2\/index.php?rest_route=%2Fwp%2Fv2%2Fcategories&post=702"},{"taxonomy":"post_tag","embeddable":true,"href":"http:\/\/sinpro-al.com.br\/v2\/index.php?rest_route=%2Fwp%2Fv2%2Ftags&post=702"}],"curies":[{"name":"wp","href":"https:\/\/api.w.org\/{rel}","templated":true}]}}