{"id":693,"date":"2015-05-04T11:21:29","date_gmt":"2015-05-04T14:21:29","guid":{"rendered":"http:\/\/sinpro-al.com.br\/v2\/?p=693"},"modified":"2015-05-04T11:21:29","modified_gmt":"2015-05-04T14:21:29","slug":"voce-sabe-o-que-e-dislexia","status":"publish","type":"post","link":"http:\/\/sinpro-al.com.br\/v2\/?p=693","title":{"rendered":"Voc\u00ea sabe o que \u00e9 Dislexia?"},"content":{"rendered":"<p>Dislexia \u00e9 um transtorno gen\u00e9tico e heredit\u00e1rio da linguagem, de origem neurobiol\u00f3gica, que se caracteriza pela dificuldade de decodificar o est\u00edmulo escrito ou o s\u00edmbolo gr\u00e1fico. A dislexia compromete a capacidade de aprender a ler e escrever com corre\u00e7\u00e3o e flu\u00eancia e de compreender um texto. Em diferentes graus, os portadores desse defeito cong\u00eanito n\u00e3o conseguem estabelecer a mem\u00f3ria fon\u00eamica, isto \u00e9, associar os fonemas \u00e0s letras.<\/p>\n<p>De acordo com a Associa\u00e7\u00e3o Brasileira de Dislexia, o transtorno acomete de 0,5% a 17% da popula\u00e7\u00e3o mundial, pode manifestar-se em pessoas com intelig\u00eancia normal ou mesmo superior e persistir na vida adulta.<\/p>\n<p>A causa do dist\u00farbio \u00e9 uma altera\u00e7\u00e3o cromoss\u00f4mica heredit\u00e1ria, o que explica a ocorr\u00eancia em pessoas da mesma fam\u00edlia. Pesquisas recentes mostram que a dislexia pode estar relacionada com a produ\u00e7\u00e3o excessiva de testosterona pela m\u00e3e durante a gesta\u00e7\u00e3o da crian\u00e7a.<\/p>\n<p>Sintomas<\/p>\n<p>Os sintomas variam de acordo com os diferentes graus de gravidade do dist\u00farbio e tornam-se mais evidentes durante a fase da alfabetiza\u00e7\u00e3o. Entre os mais comuns encontram-se as seguintes dificuldades: 1) para ler, escrever e soletrar; 2) de entendimento do texto escrito; 3) para de identificar fonemas, associ\u00e1-los \u00e0s letras e reconhecer rimas e alitera\u00e7\u00f5es; 4) para decorar a tabuada, reconhecer s\u00edmbolos e conceitos matem\u00e1ticos (discalculia); 5) ortogr\u00e1ficas: troca de letras, invers\u00e3o, omiss\u00e3o ou acr\u00e9scimo de letras e s\u00edlabas (disgrafia); 6) de organiza\u00e7\u00e3o temporal e espacial e coordena\u00e7\u00e3o motora.<\/p>\n<p><iframe loading=\"lazy\" title=\"Programa Extra-classe - Dislexia\" width=\"500\" height=\"281\" src=\"https:\/\/www.youtube.com\/embed\/UJhHUry3jZk?list=UUoeZdOZLWTFch938yrMjT6w\" frameborder=\"0\" allow=\"accelerometer; autoplay; clipboard-write; encrypted-media; gyroscope; picture-in-picture; web-share\" referrerpolicy=\"strict-origin-when-cross-origin\" allowfullscreen><\/iframe><\/p>\n<p>Diagn\u00f3stico<\/p>\n<p>O diagn\u00f3stico \u00e9 feito por exclus\u00e3o, em geral por equipe multidisciplinar (m\u00e9dico, psic\u00f3logo, psicopedagogo, fonoaudi\u00f3logo, neurologista). Antes de afirmar que uma pessoa \u00e9 disl\u00e9xica, \u00e9 preciso descartar a ocorr\u00eancia de defici\u00eancias visuais e auditivas, d\u00e9ficit de aten\u00e7\u00e3o, escolariza\u00e7\u00e3o inadequada, problemas emocionais, psicol\u00f3gicos e socioecon\u00f4micos que possam interferir na aprendizagem.<\/p>\n<p>\u00c9 de extrema import\u00e2ncia estabelecer o diagn\u00f3stico precoce para evitar que sejam atribu\u00eddos aos portadores do transtorno r\u00f3tulos depreciativos, com reflexos negativos sobre sua auto-estima e projeto de vida.<\/p>\n<p>Tratamento<\/p>\n<p>Ainda n\u00e3o se conhece a cura para a dislexia. O tratamento exige a participa\u00e7\u00e3o de especialistas em v\u00e1rias \u00e1reas (pedagogia, fonoaudiologia, psicologia, etc.) para ajudar o portador de dislexia a superar, na medida do poss\u00edvel, o comprometimento no mecanismo da leitura, da express\u00e3o escrita ou da matem\u00e1tica.<\/p>\n<p>Recomenda\u00e7\u00f5es<\/p>\n<p>* Algumas dificuldades que as crian\u00e7as podem apresentar durante a alfabetiza\u00e7\u00e3o s\u00f3 ocorrem porque s\u00e3o pequenas e imaturas e ainda n\u00e3o est\u00e3o prontas para iniciar o processo de leitura e escrita. Se as dificuldades persistirem, o ideal \u00e9 encaminhar a crian\u00e7a para avalia\u00e7\u00e3o por profissionais capacitados;<\/p>\n<p>* O diagn\u00f3stico de dislexia n\u00e3o significa que a crian\u00e7a seja menos inteligente; significa apenas que \u00e9 portadora de um dist\u00farbio que pode ser corrigido ou atenuado;<\/p>\n<p>* O tratamento da dislexia pressup\u00f5e um processo longo que demanda persist\u00eancia;<\/p>\n<p>* Portadores de dislexia devem dar prefer\u00eancia a escolas preparadas para atender suas necessidades espec\u00edficas;<\/p>\n<p>* Saber que a pessoa \u00e9 portadora de dislexia e as caracter\u00edsticas do dist\u00farbio \u00e9 o melhor caminho para evitar preju\u00edzos no desempenho escolar e social e os r\u00f3tulos depreciativos que levam \u00e0 baixa-estima.<\/p>\n<p>Fonte: Dr. Drauzio Varella<\/p>\n","protected":false},"excerpt":{"rendered":"<p>Dislexia \u00e9 um transtorno gen\u00e9tico e heredit\u00e1rio da linguagem, de origem neurobiol\u00f3gica, que se caracteriza pela dificuldade de decodificar o est\u00edmulo escrito ou o s\u00edmbolo gr\u00e1fico. A dislexia compromete a capacidade de aprender a ler e escrever com corre\u00e7\u00e3o e flu\u00eancia e de compreender um texto. Em diferentes graus, os portadores desse defeito cong\u00eanito n\u00e3o [&hellip;]<\/p>\n","protected":false},"author":4,"featured_media":0,"comment_status":"open","ping_status":"open","sticky":false,"template":"","format":"standard","meta":{"footnotes":""},"categories":[14,13],"tags":[100,92,98,93,51],"class_list":["post-693","post","type-post","status-publish","format-standard","hentry","category-brasil","category-educacao","tag-alagoas","tag-dislexia","tag-educacao","tag-saude","tag-sinpro"],"_links":{"self":[{"href":"http:\/\/sinpro-al.com.br\/v2\/index.php?rest_route=\/wp\/v2\/posts\/693","targetHints":{"allow":["GET"]}}],"collection":[{"href":"http:\/\/sinpro-al.com.br\/v2\/index.php?rest_route=\/wp\/v2\/posts"}],"about":[{"href":"http:\/\/sinpro-al.com.br\/v2\/index.php?rest_route=\/wp\/v2\/types\/post"}],"author":[{"embeddable":true,"href":"http:\/\/sinpro-al.com.br\/v2\/index.php?rest_route=\/wp\/v2\/users\/4"}],"replies":[{"embeddable":true,"href":"http:\/\/sinpro-al.com.br\/v2\/index.php?rest_route=%2Fwp%2Fv2%2Fcomments&post=693"}],"version-history":[{"count":1,"href":"http:\/\/sinpro-al.com.br\/v2\/index.php?rest_route=\/wp\/v2\/posts\/693\/revisions"}],"predecessor-version":[{"id":694,"href":"http:\/\/sinpro-al.com.br\/v2\/index.php?rest_route=\/wp\/v2\/posts\/693\/revisions\/694"}],"wp:attachment":[{"href":"http:\/\/sinpro-al.com.br\/v2\/index.php?rest_route=%2Fwp%2Fv2%2Fmedia&parent=693"}],"wp:term":[{"taxonomy":"category","embeddable":true,"href":"http:\/\/sinpro-al.com.br\/v2\/index.php?rest_route=%2Fwp%2Fv2%2Fcategories&post=693"},{"taxonomy":"post_tag","embeddable":true,"href":"http:\/\/sinpro-al.com.br\/v2\/index.php?rest_route=%2Fwp%2Fv2%2Ftags&post=693"}],"curies":[{"name":"wp","href":"https:\/\/api.w.org\/{rel}","templated":true}]}}