{"id":689,"date":"2015-04-30T15:00:29","date_gmt":"2015-04-30T18:00:29","guid":{"rendered":"http:\/\/sinpro-al.com.br\/v2\/?p=689"},"modified":"2015-04-29T13:33:35","modified_gmt":"2015-04-29T16:33:35","slug":"mensagem-do-dia-do-trabalhador","status":"publish","type":"post","link":"http:\/\/sinpro-al.com.br\/v2\/?p=689","title":{"rendered":"Mensagem do Dia do Trabalhador"},"content":{"rendered":"<p><a href=\"http:\/\/sinpro-al.com.br\/v2\/wp-content\/uploads\/2015\/04\/trabaccdad.png\"><img loading=\"lazy\" decoding=\"async\" class=\"alignleft size-medium wp-image-690\" src=\"http:\/\/sinpro-al.com.br\/v2\/wp-content\/uploads\/2015\/04\/trabaccdad-300x223.png\" alt=\"trabaccdad\" width=\"300\" height=\"223\" srcset=\"http:\/\/sinpro-al.com.br\/v2\/wp-content\/uploads\/2015\/04\/trabaccdad-300x223.png 300w, http:\/\/sinpro-al.com.br\/v2\/wp-content\/uploads\/2015\/04\/trabaccdad.png 846w\" sizes=\"auto, (max-width: 300px) 100vw, 300px\" \/><\/a>Tem dias que a gente acorda, cheio de energia, e 24 horas parecem insuficientes para executarmos todas as nossas metas;<\/p>\n<p>Em outros momentos, reduzimos o ritmo e o des\u00e2nimo toma conta;<\/p>\n<p>Mas, h\u00e1 aqueles dias em que sentimos que tudo vale \u00e0 pena, e que n\u00e3o estamos aqui por acaso;<\/p>\n<p>Temos uma miss\u00e3o, pessoal e profissional, que nos motiva a enfrentar os desafios e pensar: ESTOU FAZENDO O MELHOR!<\/p>\n<p>Professores e professoras, amanh\u00e3 (1\u00ba de maio), \u00e9 o Dia do Trabalhador, e voc\u00eas, com certeza, s\u00e3o muito importantes para a constru\u00e7\u00e3o de uma sociedade mais justa e igualit\u00e1ria.<\/p>\n<p>O Sindicato dos Professores do Estado de Alagoas (Sinpro-AL) sempre estar\u00e1 ao lado da categoria, lutando pelos nossos direitos e por uma Educa\u00e7\u00e3o de qualidade.<\/p>\n<p style=\"text-align: right;\">A Dire\u00e7\u00e3o.<\/p>\n","protected":false},"excerpt":{"rendered":"<p>Tem dias que a gente acorda, cheio de energia, e 24 horas parecem insuficientes para executarmos todas as nossas metas; Em outros momentos, reduzimos o ritmo e o des\u00e2nimo toma conta; Mas, h\u00e1 aqueles dias em que sentimos que tudo vale \u00e0 pena, e que n\u00e3o estamos aqui por acaso; Temos uma miss\u00e3o, pessoal e [&hellip;]<\/p>\n","protected":false},"author":4,"featured_media":0,"comment_status":"open","ping_status":"open","sticky":false,"template":"","format":"standard","meta":{"footnotes":""},"categories":[18,13,4],"tags":[],"class_list":["post-689","post","type-post","status-publish","format-standard","hentry","category-alagoas","category-educacao","category-noticias-sinpro-al"],"_links":{"self":[{"href":"http:\/\/sinpro-al.com.br\/v2\/index.php?rest_route=\/wp\/v2\/posts\/689","targetHints":{"allow":["GET"]}}],"collection":[{"href":"http:\/\/sinpro-al.com.br\/v2\/index.php?rest_route=\/wp\/v2\/posts"}],"about":[{"href":"http:\/\/sinpro-al.com.br\/v2\/index.php?rest_route=\/wp\/v2\/types\/post"}],"author":[{"embeddable":true,"href":"http:\/\/sinpro-al.com.br\/v2\/index.php?rest_route=\/wp\/v2\/users\/4"}],"replies":[{"embeddable":true,"href":"http:\/\/sinpro-al.com.br\/v2\/index.php?rest_route=%2Fwp%2Fv2%2Fcomments&post=689"}],"version-history":[{"count":1,"href":"http:\/\/sinpro-al.com.br\/v2\/index.php?rest_route=\/wp\/v2\/posts\/689\/revisions"}],"predecessor-version":[{"id":691,"href":"http:\/\/sinpro-al.com.br\/v2\/index.php?rest_route=\/wp\/v2\/posts\/689\/revisions\/691"}],"wp:attachment":[{"href":"http:\/\/sinpro-al.com.br\/v2\/index.php?rest_route=%2Fwp%2Fv2%2Fmedia&parent=689"}],"wp:term":[{"taxonomy":"category","embeddable":true,"href":"http:\/\/sinpro-al.com.br\/v2\/index.php?rest_route=%2Fwp%2Fv2%2Fcategories&post=689"},{"taxonomy":"post_tag","embeddable":true,"href":"http:\/\/sinpro-al.com.br\/v2\/index.php?rest_route=%2Fwp%2Fv2%2Ftags&post=689"}],"curies":[{"name":"wp","href":"https:\/\/api.w.org\/{rel}","templated":true}]}}