{"id":684,"date":"2015-04-22T10:39:29","date_gmt":"2015-04-22T13:39:29","guid":{"rendered":"http:\/\/sinpro-al.com.br\/v2\/?p=684"},"modified":"2015-04-22T10:39:29","modified_gmt":"2015-04-22T13:39:29","slug":"governo-de-al-institui-programa-de-ensino-integral-em-escolas-publicas","status":"publish","type":"post","link":"http:\/\/sinpro-al.com.br\/v2\/?p=684","title":{"rendered":"Governo de AL institui programa de ensino integral em escolas p\u00fablicas"},"content":{"rendered":"<div id=\"attachment_685\" style=\"width: 310px\" class=\"wp-caption alignleft\"><a href=\"http:\/\/sinpro-al.com.br\/v2\/wp-content\/uploads\/2015\/04\/acao_libras.jpg\"><img loading=\"lazy\" decoding=\"async\" aria-describedby=\"caption-attachment-685\" class=\"size-full wp-image-685\" src=\"http:\/\/sinpro-al.com.br\/v2\/wp-content\/uploads\/2015\/04\/acao_libras.jpg\" alt=\"Carga hor\u00e1ria nas escolas integrais deve ser entre 7h e 9h di\u00e1rias\" width=\"300\" height=\"225\" \/><\/a><p id=\"caption-attachment-685\" class=\"wp-caption-text\">Carga hor\u00e1ria nas escolas integrais deve ser entre<br \/>7h e 9h di\u00e1rias<\/p><\/div>\n<p>O governador de Alagoas, Renan Filho (PMDB), decretou a cria\u00e7\u00e3o de um programa de ensino integral nas escolas de ensino m\u00e9dio da rede p\u00fablica do estado. A decis\u00e3o foi publicada no Di\u00e1rio Oficial do Estado (DOE) desta quarta-feira (22).<\/p>\n<p>Intitulada Programa Alagoano de Ensino Integral em escolas de Ensino M\u00e9dio da Rede P\u00fablica Estadual, a medida pretende elevar a qualidade do ensino ao mesmo tempo em que intensifica as oportunidades de socializa\u00e7\u00e3o dentro das institui\u00e7\u00f5es, com alternativas de a\u00e7\u00e3o nos campos social, cultural e esportivo.<\/p>\n<p>De acordo com o decreto, as escolas integrantes do programa ter\u00e3o jornada m\u00ednima de 7 horas di\u00e1rias e m\u00e1xima de 9 horas, determinadas segundo o projeto pedag\u00f3gico de cada unidade escolar. O intervalo para almo\u00e7o deve ter de 1h a 1h30 de dura\u00e7\u00e3o, com dois intervalos de 15 minutos cada, sendo um no turno da manh\u00e3 e outro \u00e0 tarde.<\/p>\n<p>Os estudantes do ensino p\u00fablico integral ter\u00e3o aulas seguindo os diferentes componentes curriculares da Base Nacional Comum, assim como atividades complementares, que compreendem a\u00e7\u00f5es de aprofundamento da aprendizagem, experimenta\u00e7\u00e3o e inicia\u00e7\u00e3o cient\u00edfica, cultura e arte, esporte e lazer, tecnologias da informa\u00e7\u00e3o da comunica\u00e7\u00e3o e uso de m\u00eddias, meio ambiente, direitos humanos, promo\u00e7\u00e3o da sa\u00fade, mundo do trabalho e gera\u00e7\u00e3o de rendas.<\/p>\n<p>Segundo a publica\u00e7\u00e3o do DOE, os alunos que j\u00e1 est\u00e3o matriculados nas escolas participantes ter\u00e3o prefer\u00eancia \u00e0s vagas oferecidas. Se houver remanesc\u00eancia de vagas, estas ser\u00e3o disponibilizadas para estudantes de outras escolas da rede estadual e, posteriormente, a outras redes.<\/p>\n<p>O decreto exp\u00f5e ainda que os professores de unidades escolares de ensino integral devem ter carga hor\u00e1ria de 40 horas semanais, em per\u00edodo integral, sendo tanto de carga multidisciplinar como de gest\u00e3o especializada. Com isso, os docentes que atualmente cumprem 20\u00a0semanais e desejam integrar o programa devem solicitar suplementa\u00e7\u00e3o de carga.<\/p>\n<p><strong>Fonte: G1 AL<\/strong><\/p>\n","protected":false},"excerpt":{"rendered":"<p>O governador de Alagoas, Renan Filho (PMDB), decretou a cria\u00e7\u00e3o de um programa de ensino integral nas escolas de ensino m\u00e9dio da rede p\u00fablica do estado. A decis\u00e3o foi publicada no Di\u00e1rio Oficial do Estado (DOE) desta quarta-feira (22). Intitulada Programa Alagoano de Ensino Integral em escolas de Ensino M\u00e9dio da Rede P\u00fablica Estadual, a [&hellip;]<\/p>\n","protected":false},"author":4,"featured_media":0,"comment_status":"open","ping_status":"open","sticky":false,"template":"","format":"standard","meta":{"footnotes":""},"categories":[18,13],"tags":[],"class_list":["post-684","post","type-post","status-publish","format-standard","hentry","category-alagoas","category-educacao"],"_links":{"self":[{"href":"http:\/\/sinpro-al.com.br\/v2\/index.php?rest_route=\/wp\/v2\/posts\/684","targetHints":{"allow":["GET"]}}],"collection":[{"href":"http:\/\/sinpro-al.com.br\/v2\/index.php?rest_route=\/wp\/v2\/posts"}],"about":[{"href":"http:\/\/sinpro-al.com.br\/v2\/index.php?rest_route=\/wp\/v2\/types\/post"}],"author":[{"embeddable":true,"href":"http:\/\/sinpro-al.com.br\/v2\/index.php?rest_route=\/wp\/v2\/users\/4"}],"replies":[{"embeddable":true,"href":"http:\/\/sinpro-al.com.br\/v2\/index.php?rest_route=%2Fwp%2Fv2%2Fcomments&post=684"}],"version-history":[{"count":1,"href":"http:\/\/sinpro-al.com.br\/v2\/index.php?rest_route=\/wp\/v2\/posts\/684\/revisions"}],"predecessor-version":[{"id":686,"href":"http:\/\/sinpro-al.com.br\/v2\/index.php?rest_route=\/wp\/v2\/posts\/684\/revisions\/686"}],"wp:attachment":[{"href":"http:\/\/sinpro-al.com.br\/v2\/index.php?rest_route=%2Fwp%2Fv2%2Fmedia&parent=684"}],"wp:term":[{"taxonomy":"category","embeddable":true,"href":"http:\/\/sinpro-al.com.br\/v2\/index.php?rest_route=%2Fwp%2Fv2%2Fcategories&post=684"},{"taxonomy":"post_tag","embeddable":true,"href":"http:\/\/sinpro-al.com.br\/v2\/index.php?rest_route=%2Fwp%2Fv2%2Ftags&post=684"}],"curies":[{"name":"wp","href":"https:\/\/api.w.org\/{rel}","templated":true}]}}