{"id":648,"date":"2015-03-21T17:43:54","date_gmt":"2015-03-21T20:43:54","guid":{"rendered":"http:\/\/sinpro-al.com.br\/v2\/?p=648"},"modified":"2015-03-21T17:43:54","modified_gmt":"2015-03-21T20:43:54","slug":"nota-de-esclarecimento","status":"publish","type":"post","link":"http:\/\/sinpro-al.com.br\/v2\/?p=648","title":{"rendered":"NOTA DE ESCLARECIMENTO"},"content":{"rendered":"<p><span style=\"color: #222222;\">O SINDICATO DOS PROFESSORES DO ESTADO DE ALAGOAS &#8211;\u00a0<\/span><span class=\"il\" style=\"color: #222222;\">SINPRO<\/span><span style=\"color: #222222;\">\/AL, por seu representante legal, Prof\u00ba FERNANDO FIRMINO DA SILVA, vem a comunidade acad\u00eamica, em especial aos docentes da rede privada, ESCLARECER que como entidade de classe, leg\u00edtima representante dos professores, sempre luta para garantir maiores garantias sociais e salariais a toda categoria, assegurando, no m\u00ednimo, a reposi\u00e7\u00e3o inflacionaria, estabelecida pelo \u00edndice acumulado do INPC\/IBEGE aplicada em mar\u00e7o, m\u00eas da data-base, posicionamento este que continuaremos FIRME, n\u00e3o autorizando, portanto, qualquer diretor do\u00a0<\/span><span class=\"il\" style=\"color: #222222;\">SINPRO<\/span><span style=\"color: #222222;\">\/AL negociar ACORDO COLETIVO abaixo do \u00edndice de 7,68 &#8211; INPC\/IBEGE\/FEVEREIRO\/2015. Lamentamos o equivoco causado nas redes sociais. Pedimos a voc\u00ea professor(a) que sempre procure se\u00a0 informar no site (<\/span><a style=\"color: #1155cc;\" href=\"http:\/\/www.sinpro-al.com.br\/\" target=\"_blank\">www.<span class=\"il\">sinpro<\/span>-al.com.br<\/a><span style=\"color: #222222;\">) e na p\u00e1gina do facebook OFICIAL DO SINDICATO. \u00a0<\/span><\/p>\n","protected":false},"excerpt":{"rendered":"<p>O SINDICATO DOS PROFESSORES DO ESTADO DE ALAGOAS &#8211;\u00a0SINPRO\/AL, por seu representante legal, Prof\u00ba FERNANDO FIRMINO DA SILVA, vem a comunidade acad\u00eamica, em especial aos docentes da rede privada, ESCLARECER que como entidade de classe, leg\u00edtima representante dos professores, sempre luta para garantir maiores garantias sociais e salariais a toda categoria, assegurando, no m\u00ednimo, a [&hellip;]<\/p>\n","protected":false},"author":4,"featured_media":0,"comment_status":"open","ping_status":"open","sticky":false,"template":"","format":"standard","meta":{"footnotes":""},"categories":[18,4],"tags":[],"class_list":["post-648","post","type-post","status-publish","format-standard","hentry","category-alagoas","category-noticias-sinpro-al"],"_links":{"self":[{"href":"http:\/\/sinpro-al.com.br\/v2\/index.php?rest_route=\/wp\/v2\/posts\/648","targetHints":{"allow":["GET"]}}],"collection":[{"href":"http:\/\/sinpro-al.com.br\/v2\/index.php?rest_route=\/wp\/v2\/posts"}],"about":[{"href":"http:\/\/sinpro-al.com.br\/v2\/index.php?rest_route=\/wp\/v2\/types\/post"}],"author":[{"embeddable":true,"href":"http:\/\/sinpro-al.com.br\/v2\/index.php?rest_route=\/wp\/v2\/users\/4"}],"replies":[{"embeddable":true,"href":"http:\/\/sinpro-al.com.br\/v2\/index.php?rest_route=%2Fwp%2Fv2%2Fcomments&post=648"}],"version-history":[{"count":1,"href":"http:\/\/sinpro-al.com.br\/v2\/index.php?rest_route=\/wp\/v2\/posts\/648\/revisions"}],"predecessor-version":[{"id":649,"href":"http:\/\/sinpro-al.com.br\/v2\/index.php?rest_route=\/wp\/v2\/posts\/648\/revisions\/649"}],"wp:attachment":[{"href":"http:\/\/sinpro-al.com.br\/v2\/index.php?rest_route=%2Fwp%2Fv2%2Fmedia&parent=648"}],"wp:term":[{"taxonomy":"category","embeddable":true,"href":"http:\/\/sinpro-al.com.br\/v2\/index.php?rest_route=%2Fwp%2Fv2%2Fcategories&post=648"},{"taxonomy":"post_tag","embeddable":true,"href":"http:\/\/sinpro-al.com.br\/v2\/index.php?rest_route=%2Fwp%2Fv2%2Ftags&post=648"}],"curies":[{"name":"wp","href":"https:\/\/api.w.org\/{rel}","templated":true}]}}