{"id":635,"date":"2015-03-09T08:55:32","date_gmt":"2015-03-09T11:55:32","guid":{"rendered":"http:\/\/sinpro-al.com.br\/v2\/?p=635"},"modified":"2015-03-09T08:56:40","modified_gmt":"2015-03-09T11:56:40","slug":"sinpro-al-divulga-edital-de-convocacao-para-as-eleicoes-deste-ano","status":"publish","type":"post","link":"http:\/\/sinpro-al.com.br\/v2\/?p=635","title":{"rendered":"Sinpro-AL divulga edital de convoca\u00e7\u00e3o para as elei\u00e7\u00f5es deste ano"},"content":{"rendered":"<p style=\"text-align: center;\"><strong>EDITAL DE CONVOCA\u00c7\u00c3O \u00c0S ELEI\u00c7\u00d5ES SINDICAIS<\/strong><\/p>\n<p>O SINDICATO DOS PROFESSORES DO ESTADO DE ALAGOAS &#8211; SINPRO\/AL, atrav\u00e9s de seu Diretor Presidente, CONVOCA os docentes associados e quites com suas obriga\u00e7\u00f5es legais e estatut\u00e1rias, para participarem das elei\u00e7\u00f5es da Diretoria Executiva e Conselho Fiscal para um novo quadri\u00eanio, que se realizar\u00e1 no <strong>DIA 08 DE MAIO DE 2015<\/strong>, das 8h00 \u00e0s 17h00, na sede da entidade e outros locais a serem definidos. As solicita\u00e7\u00f5es de registro de chapas dever\u00e3o ser apresentadas \u00e0 Secretaria do Sinpro\/AL, no hor\u00e1rio normal de funcionamento &#8211; das 9h00 \u00e0s 15h00, no prazo de 08 dias a contar do <strong>DIA 20 DE MAR\u00c7O DE 2015. Todo processo eleitoral (convoca\u00e7\u00e3o, prazos, inelegibilidades, impugna\u00e7\u00e3o, recursos e posse, com exce\u00e7\u00e3o do quorum e comiss\u00e3o eleitoral)\u00a0 segue as normas estabelecidas no estatuto da entidade, <\/strong>que se encontradispon\u00edvel no endere\u00e7o eletr\u00f4nico: www.sinpro-al.com.br e\/ou na sede do sindicato. Macei\u00f3\/Al., 09 de mar\u00e7o de 2015. Fernando Firmino &#8211; Presidente. \u00a0\u00a0\u00a0<strong>\u00a0<\/strong><\/p>\n","protected":false},"excerpt":{"rendered":"<p>EDITAL DE CONVOCA\u00c7\u00c3O \u00c0S ELEI\u00c7\u00d5ES SINDICAIS O SINDICATO DOS PROFESSORES DO ESTADO DE ALAGOAS &#8211; SINPRO\/AL, atrav\u00e9s de seu Diretor Presidente, CONVOCA os docentes associados e quites com suas obriga\u00e7\u00f5es legais e estatut\u00e1rias, para participarem das elei\u00e7\u00f5es da Diretoria Executiva e Conselho Fiscal para um novo quadri\u00eanio, que se realizar\u00e1 no DIA 08 DE MAIO [&hellip;]<\/p>\n","protected":false},"author":4,"featured_media":0,"comment_status":"open","ping_status":"open","sticky":false,"template":"","format":"standard","meta":{"footnotes":""},"categories":[18,4],"tags":[],"class_list":["post-635","post","type-post","status-publish","format-standard","hentry","category-alagoas","category-noticias-sinpro-al"],"_links":{"self":[{"href":"http:\/\/sinpro-al.com.br\/v2\/index.php?rest_route=\/wp\/v2\/posts\/635","targetHints":{"allow":["GET"]}}],"collection":[{"href":"http:\/\/sinpro-al.com.br\/v2\/index.php?rest_route=\/wp\/v2\/posts"}],"about":[{"href":"http:\/\/sinpro-al.com.br\/v2\/index.php?rest_route=\/wp\/v2\/types\/post"}],"author":[{"embeddable":true,"href":"http:\/\/sinpro-al.com.br\/v2\/index.php?rest_route=\/wp\/v2\/users\/4"}],"replies":[{"embeddable":true,"href":"http:\/\/sinpro-al.com.br\/v2\/index.php?rest_route=%2Fwp%2Fv2%2Fcomments&post=635"}],"version-history":[{"count":3,"href":"http:\/\/sinpro-al.com.br\/v2\/index.php?rest_route=\/wp\/v2\/posts\/635\/revisions"}],"predecessor-version":[{"id":639,"href":"http:\/\/sinpro-al.com.br\/v2\/index.php?rest_route=\/wp\/v2\/posts\/635\/revisions\/639"}],"wp:attachment":[{"href":"http:\/\/sinpro-al.com.br\/v2\/index.php?rest_route=%2Fwp%2Fv2%2Fmedia&parent=635"}],"wp:term":[{"taxonomy":"category","embeddable":true,"href":"http:\/\/sinpro-al.com.br\/v2\/index.php?rest_route=%2Fwp%2Fv2%2Fcategories&post=635"},{"taxonomy":"post_tag","embeddable":true,"href":"http:\/\/sinpro-al.com.br\/v2\/index.php?rest_route=%2Fwp%2Fv2%2Ftags&post=635"}],"curies":[{"name":"wp","href":"https:\/\/api.w.org\/{rel}","templated":true}]}}