{"id":620,"date":"2015-03-02T11:03:02","date_gmt":"2015-03-02T14:03:02","guid":{"rendered":"http:\/\/sinpro-al.com.br\/v2\/?p=620"},"modified":"2015-03-02T11:10:05","modified_gmt":"2015-03-02T14:10:05","slug":"620","status":"publish","type":"post","link":"http:\/\/sinpro-al.com.br\/v2\/?p=620","title":{"rendered":"Elei\u00e7\u00f5es: Diretoria participa de reuni\u00e3o na Procuradoria Geral do Trabalho"},"content":{"rendered":"<p>&nbsp;<\/p>\n<div class=\"_5wd4 _1nc7 direction_ltr _5yt9\" style=\"color: #141823;\" data-reactid=\".da.$mid=11425052953904=2ae3778cf280dd2ee43\">\n<div class=\"_5wd9\" data-reactid=\".da.$mid=11425052953904=2ae3778cf280dd2ee43.2:0\">\n<div class=\"_5wde\" data-reactid=\".da.$mid=11425052953904=2ae3778cf280dd2ee43.2:0.0\">\n<div class=\"_5wdf _5w1r _d98\" style=\"color: #373e4d;\" data-reactid=\".da.$mid=11425052953904=2ae3778cf280dd2ee43.2:0.0.0\">\n<div data-reactid=\".da.$mid=11425052953904=2ae3778cf280dd2ee43.2:0.0.0.0\"><a href=\"http:\/\/sinpro-al.com.br\/v2\/wp-content\/uploads\/2015\/03\/10985372_763245980457936_1028336433276044943_n.jpg\"><img loading=\"lazy\" decoding=\"async\" class=\"alignleft size-medium wp-image-621\" src=\"http:\/\/sinpro-al.com.br\/v2\/wp-content\/uploads\/2015\/03\/10985372_763245980457936_1028336433276044943_n-300x182.jpg\" alt=\"10985372_763245980457936_1028336433276044943_n\" width=\"300\" height=\"182\" srcset=\"http:\/\/sinpro-al.com.br\/v2\/wp-content\/uploads\/2015\/03\/10985372_763245980457936_1028336433276044943_n-300x182.jpg 300w, http:\/\/sinpro-al.com.br\/v2\/wp-content\/uploads\/2015\/03\/10985372_763245980457936_1028336433276044943_n.jpg 887w\" sizes=\"auto, (max-width: 300px) 100vw, 300px\" \/><\/a>Na manh\u00e3 da \u00faltima sexta-feira (27) foi definido, em uma reuni\u00e3o entre representantes do Sindicato dos Professores de Alagoas (Sinpro-AL) e a Procuradoria Geral do Trabalho (PGE), a data para publica\u00e7\u00e3o do edital de convoca\u00e7\u00e3o para as elei\u00e7\u00f5es da entidade. A divulga\u00e7\u00e3o vai acontecer nos dias 9 e 10 de mar\u00e7o.<\/div>\n<\/div>\n<\/div>\n<\/div>\n<div class=\"_3ry4\" data-reactid=\".da.$mid=11425052953904=2ae3778cf280dd2ee43.2:1\"><\/div>\n<\/div>\n<div class=\"_5wd4 _1nc7 direction_ltr _5yt9\" style=\"color: #141823;\" data-reactid=\".da.$mid=11425052975939=2ae3778cfdbb4a3a603\">\n<div class=\"_5wd9\" data-reactid=\".da.$mid=11425052975939=2ae3778cfdbb4a3a603.2:0\">\n<div class=\"_5wde\" data-reactid=\".da.$mid=11425052975939=2ae3778cfdbb4a3a603.2:0.0\">\n<div class=\"_5wdf _5w1r _d98\" style=\"color: #373e4d;\" data-reactid=\".da.$mid=11425052975939=2ae3778cfdbb4a3a603.2:0.0.0\">\n<div data-reactid=\".da.$mid=11425052975939=2ae3778cfdbb4a3a603.2:0.0.0.0\"><span class=\"_5yl5\" data-reactid=\".da.$mid=11425052975939=2ae3778cfdbb4a3a603.2:0.0.0.0.0\">O presidente do Sinpro-AL, Fernando Firmino, destacou a import\u00e2ncia do acordo, que teve a participa\u00e7\u00e3o da procuradora Virg\u00ednia de Ara\u00fajo. &#8220;Enfim conseguimos resolver esse impasse, que desde outubro era para ser conclu\u00eddo; categoria estava ansiosa&#8221;, falou Firmino, antecipando que ap\u00f3s a publicidade do edital, as elei\u00e7\u00f5es devem ocorrer no m\u00eas de maio.<\/span><\/div>\n<\/div>\n<\/div>\n<\/div>\n<div class=\"_3ry4\" data-reactid=\".da.$mid=11425052975939=2ae3778cfdbb4a3a603.2:1\">O atraso na elei\u00e7\u00e3o do Sinpro-AL aconteceu ap\u00f3s pedido de altera\u00e7\u00e3o em dois itens no estatuto do sindicato. Foram eles: a elei\u00e7\u00e3o da comiss\u00e3o eleitoral e o coro necess\u00e1rio para vota\u00e7\u00e3o.<\/div>\n<\/div>\n<p>&nbsp;<\/p>\n","protected":false},"excerpt":{"rendered":"<p>&nbsp; Na manh\u00e3 da \u00faltima sexta-feira (27) foi definido, em uma reuni\u00e3o entre representantes do Sindicato dos Professores de Alagoas (Sinpro-AL) e a Procuradoria Geral do Trabalho (PGE), a data para publica\u00e7\u00e3o do edital de convoca\u00e7\u00e3o para as elei\u00e7\u00f5es da entidade. A divulga\u00e7\u00e3o vai acontecer nos dias 9 e 10 de mar\u00e7o. O presidente do [&hellip;]<\/p>\n","protected":false},"author":4,"featured_media":0,"comment_status":"open","ping_status":"open","sticky":false,"template":"","format":"standard","meta":{"footnotes":""},"categories":[18,4],"tags":[],"class_list":["post-620","post","type-post","status-publish","format-standard","hentry","category-alagoas","category-noticias-sinpro-al"],"_links":{"self":[{"href":"http:\/\/sinpro-al.com.br\/v2\/index.php?rest_route=\/wp\/v2\/posts\/620","targetHints":{"allow":["GET"]}}],"collection":[{"href":"http:\/\/sinpro-al.com.br\/v2\/index.php?rest_route=\/wp\/v2\/posts"}],"about":[{"href":"http:\/\/sinpro-al.com.br\/v2\/index.php?rest_route=\/wp\/v2\/types\/post"}],"author":[{"embeddable":true,"href":"http:\/\/sinpro-al.com.br\/v2\/index.php?rest_route=\/wp\/v2\/users\/4"}],"replies":[{"embeddable":true,"href":"http:\/\/sinpro-al.com.br\/v2\/index.php?rest_route=%2Fwp%2Fv2%2Fcomments&post=620"}],"version-history":[{"count":4,"href":"http:\/\/sinpro-al.com.br\/v2\/index.php?rest_route=\/wp\/v2\/posts\/620\/revisions"}],"predecessor-version":[{"id":625,"href":"http:\/\/sinpro-al.com.br\/v2\/index.php?rest_route=\/wp\/v2\/posts\/620\/revisions\/625"}],"wp:attachment":[{"href":"http:\/\/sinpro-al.com.br\/v2\/index.php?rest_route=%2Fwp%2Fv2%2Fmedia&parent=620"}],"wp:term":[{"taxonomy":"category","embeddable":true,"href":"http:\/\/sinpro-al.com.br\/v2\/index.php?rest_route=%2Fwp%2Fv2%2Fcategories&post=620"},{"taxonomy":"post_tag","embeddable":true,"href":"http:\/\/sinpro-al.com.br\/v2\/index.php?rest_route=%2Fwp%2Fv2%2Ftags&post=620"}],"curies":[{"name":"wp","href":"https:\/\/api.w.org\/{rel}","templated":true}]}}