{"id":617,"date":"2015-02-25T11:52:58","date_gmt":"2015-02-25T14:52:58","guid":{"rendered":"http:\/\/sinpro-al.com.br\/v2\/?p=617"},"modified":"2015-02-25T11:52:58","modified_gmt":"2015-02-25T14:52:58","slug":"aumenta-o-numero-de-alunos-em-escolas-particulares","status":"publish","type":"post","link":"http:\/\/sinpro-al.com.br\/v2\/?p=617","title":{"rendered":"Aumenta o n\u00famero de alunos em escolas particulares"},"content":{"rendered":"<p>&nbsp;<\/p>\n<div id=\"attachment_618\" style=\"width: 310px\" class=\"wp-caption alignright\"><a href=\"http:\/\/sinpro-al.com.br\/v2\/wp-content\/uploads\/2015\/02\/BARRA-DO-CHAPEU-13-cortadas-size-598.jpg\"><img loading=\"lazy\" decoding=\"async\" aria-describedby=\"caption-attachment-618\" class=\"size-medium wp-image-618\" src=\"http:\/\/sinpro-al.com.br\/v2\/wp-content\/uploads\/2015\/02\/BARRA-DO-CHAPEU-13-cortadas-size-598-300x168.jpg\" alt=\"JONNE RORIZ\/VEJA\" width=\"300\" height=\"168\" srcset=\"http:\/\/sinpro-al.com.br\/v2\/wp-content\/uploads\/2015\/02\/BARRA-DO-CHAPEU-13-cortadas-size-598-300x168.jpg 300w, http:\/\/sinpro-al.com.br\/v2\/wp-content\/uploads\/2015\/02\/BARRA-DO-CHAPEU-13-cortadas-size-598.jpg 597w\" sizes=\"auto, (max-width: 300px) 100vw, 300px\" \/><\/a><p id=\"caption-attachment-618\" class=\"wp-caption-text\">JONNE RORIZ\/VEJA<\/p><\/div>\n<p><span style=\"color: #4a4a4a;\">O n\u00famero de estudantes matriculados em escolas particulares aumentou, de acordo com dados do Censo Escolar da Educa\u00e7\u00e3o B\u00e1sica de 2014, divulgado nesta semana pelo Instituto Nacional de Estudos e Pesquisas Educacionais An\u00edsio Teixeira (Inep). A rede privada concentra atualmente 18,3% das matr\u00edculas, com 9.090.781 de alunos.<\/span><br style=\"color: #4a4a4a;\" \/><br style=\"color: #4a4a4a;\" \/><span style=\"color: #4a4a4a;\">Em 2008, as escolas particulares tinham participa\u00e7\u00e3o de 13,3% das matr\u00edculas. Em seis anos, a rede aumentou gradativamente sua participa\u00e7\u00e3o, tendo atingido 16,5% em 2012. As matr\u00edculas contemplam alunos registrados em creches, pr\u00e9-escolas, escolas de ensino fundamental e m\u00e9dio.<\/span><br style=\"color: #4a4a4a;\" \/><br style=\"color: #4a4a4a;\" \/><span style=\"color: #4a4a4a;\">Ao todo, o Brasil registrou 49,8 milh\u00f5es de alunos matriculados em institui\u00e7\u00f5es de ensino b\u00e1sico e educa\u00e7\u00e3o infantil. O n\u00famero total tem ca\u00eddo ao longo dos anos: em 2008, eram 53,2 milh\u00f5es, e, em 2013, chegou a 50 milh\u00f5es. A redu\u00e7\u00e3o \u00e9 uma tend\u00eancia que j\u00e1 vinha sendo esperada por analistas da \u00e1rea e acontece em decorr\u00eancia da queda na taxa de natalidade no pa\u00eds.<\/span><br style=\"color: #4a4a4a;\" \/><br style=\"color: #4a4a4a;\" \/><span style=\"color: #4a4a4a;\">O ensino fundamental \u00e9 a maior etapa de toda educa\u00e7\u00e3o b\u00e1sica e abriga\u00a028 milh\u00f5es de alunos. Destes, 15,7 milh\u00f5es cursam os anos iniciais e 12,8 milh\u00f5es os anos finais. No ensino m\u00e9dio, o n\u00famero de matr\u00edculas permaneceu est\u00e1vel no decorrer dos anos, afirmou o Minist\u00e9rio da Educa\u00e7\u00e3o. A frequ\u00eancia dessa etapa \u00e9 de 8,3 milh\u00f5es de alunos, 95,9% desse total em \u00e1reas urbanas.<\/span><\/p>\n<p>Fonte: Veja<\/p>\n","protected":false},"excerpt":{"rendered":"<p>&nbsp; O n\u00famero de estudantes matriculados em escolas particulares aumentou, de acordo com dados do Censo Escolar da Educa\u00e7\u00e3o B\u00e1sica de 2014, divulgado nesta semana pelo Instituto Nacional de Estudos e Pesquisas Educacionais An\u00edsio Teixeira (Inep). A rede privada concentra atualmente 18,3% das matr\u00edculas, com 9.090.781 de alunos.Em 2008, as escolas particulares tinham participa\u00e7\u00e3o de [&hellip;]<\/p>\n","protected":false},"author":4,"featured_media":0,"comment_status":"open","ping_status":"open","sticky":false,"template":"","format":"standard","meta":{"footnotes":""},"categories":[14,13],"tags":[],"class_list":["post-617","post","type-post","status-publish","format-standard","hentry","category-brasil","category-educacao"],"_links":{"self":[{"href":"http:\/\/sinpro-al.com.br\/v2\/index.php?rest_route=\/wp\/v2\/posts\/617","targetHints":{"allow":["GET"]}}],"collection":[{"href":"http:\/\/sinpro-al.com.br\/v2\/index.php?rest_route=\/wp\/v2\/posts"}],"about":[{"href":"http:\/\/sinpro-al.com.br\/v2\/index.php?rest_route=\/wp\/v2\/types\/post"}],"author":[{"embeddable":true,"href":"http:\/\/sinpro-al.com.br\/v2\/index.php?rest_route=\/wp\/v2\/users\/4"}],"replies":[{"embeddable":true,"href":"http:\/\/sinpro-al.com.br\/v2\/index.php?rest_route=%2Fwp%2Fv2%2Fcomments&post=617"}],"version-history":[{"count":1,"href":"http:\/\/sinpro-al.com.br\/v2\/index.php?rest_route=\/wp\/v2\/posts\/617\/revisions"}],"predecessor-version":[{"id":619,"href":"http:\/\/sinpro-al.com.br\/v2\/index.php?rest_route=\/wp\/v2\/posts\/617\/revisions\/619"}],"wp:attachment":[{"href":"http:\/\/sinpro-al.com.br\/v2\/index.php?rest_route=%2Fwp%2Fv2%2Fmedia&parent=617"}],"wp:term":[{"taxonomy":"category","embeddable":true,"href":"http:\/\/sinpro-al.com.br\/v2\/index.php?rest_route=%2Fwp%2Fv2%2Fcategories&post=617"},{"taxonomy":"post_tag","embeddable":true,"href":"http:\/\/sinpro-al.com.br\/v2\/index.php?rest_route=%2Fwp%2Fv2%2Ftags&post=617"}],"curies":[{"name":"wp","href":"https:\/\/api.w.org\/{rel}","templated":true}]}}