{"id":614,"date":"2015-02-24T11:23:41","date_gmt":"2015-02-24T14:23:41","guid":{"rendered":"http:\/\/sinpro-al.com.br\/v2\/?p=614"},"modified":"2015-02-24T11:23:41","modified_gmt":"2015-02-24T14:23:41","slug":"novo-ministro-da-educacao-defende-reforma-do-curriculo-do-ensino-medio-em-ate-dois-anos","status":"publish","type":"post","link":"http:\/\/sinpro-al.com.br\/v2\/?p=614","title":{"rendered":"Novo ministro da Educa\u00e7\u00e3o defende reforma do curr\u00edculo do ensino m\u00e9dio em at\u00e9 dois anos"},"content":{"rendered":"<p style=\"color: #000000;\"><a href=\"http:\/\/sinpro-al.com.br\/v2\/wp-content\/uploads\/2015\/02\/i462161.jpg\"><img loading=\"lazy\" decoding=\"async\" class=\"alignright size-medium wp-image-615\" src=\"http:\/\/sinpro-al.com.br\/v2\/wp-content\/uploads\/2015\/02\/i462161-300x200.jpg\" alt=\"i462161\" width=\"300\" height=\"200\" srcset=\"http:\/\/sinpro-al.com.br\/v2\/wp-content\/uploads\/2015\/02\/i462161-300x200.jpg 300w, http:\/\/sinpro-al.com.br\/v2\/wp-content\/uploads\/2015\/02\/i462161.jpg 600w\" sizes=\"auto, (max-width: 300px) 100vw, 300px\" \/><\/a>Os dados e problemas s\u00e3o conhecidos. Distor\u00e7\u00e3o idade-s\u00e9rie, alto \u00edndice de evas\u00e3o e estagna\u00e7\u00e3o nos resultados do \u00cdndice de Desenvolvimento da Educa\u00e7\u00e3o B\u00e1sica (Ideb) fazem do ensino m\u00e9dio uma das etapas mais preocupantes do sistema educacional brasileiro. Entre as diversas solu\u00e7\u00f5es tentadas nos \u00faltimos anos, uma voltou a ganhar for\u00e7a: a necessidade de reformular o curr\u00edculo dessa etapa de ensino, como defendeu o novo ministro da Educa\u00e7\u00e3o, Cid Gomes, assim que tomou posse.<\/p>\n<p style=\"color: #000000;\">Mas ser\u00e1 que mais uma mudan\u00e7a seria capaz de causar um alto impacto no rendimento dos jovens? Por que tentativas anteriores n\u00e3o surtiram efeito? Al\u00e9m disso, at\u00e9 que ponto enxugar o n\u00famero de disciplinas obrigat\u00f3rias, como defendida por alguns especialistas, \u00e9 realmente necess\u00e1rio?<\/p>\n<p style=\"color: #000000;\">&#8220;O ensino m\u00e9dio tem um curr\u00edculo extenso &#8211; n\u00e3o podemos negar isso -, mas esta n\u00e3o \u00e9 propriamente a quest\u00e3o. Tanto n\u00e3o \u00e9 que as grandes redes privadas oferecem duas vezes o total de disciplinas das escolas p\u00fablicas. A quest\u00e3o \u00e9 a forma de organizar o curr\u00edculo&#8221;, defende o professor e pesquisador Moaci Alves Carneiro, autor do livro O n\u00f3 do ensino m\u00e9dio (Editora Vozes, 2012).<\/p>\n<p style=\"color: #000000;\">Durante divulga\u00e7\u00e3o do fraco desempenho das redes respons\u00e1veis pelo ensino m\u00e9dio no Ideb ainda em 2012, o ent\u00e3o ministro da Educa\u00e7\u00e3o Alo\u00edsio Mercadante anunciou a proposta de unificar as disciplinas nos quatro blocos cobrados pelo Enem: ci\u00eancias humanas, ci\u00eancias da natureza, linguagens e matem\u00e1tica. Durante a campanha presidencial de 2014, a candidata reeleita Dilma Rousseff voltou a tocar na quest\u00e3o. &#8220;O jovem do ensino m\u00e9dio n\u00e3o pode ficar com 12 mat\u00e9rias, incluindo nas 12 mat\u00e9rias filosofia e sociologia. Um curr\u00edculo com 12 mat\u00e9rias n\u00e3o atrai o jovem&#8221;, disse a presidenta. Desde que voltaram a fazer parte do curr\u00edculo, em 2009, essas disciplinas foram consideradas vil\u00e3s do &#8220;incha\u00e7o&#8221; na grade curricular, e ainda lutam por reconhecimento de sua import\u00e2ncia.<\/p>\n<p style=\"color: #000000;\">N\u00e3o \u00e9 a primeira vez que o curr\u00edculo \u00e9 apontado como o fator problema. Adotados no ano 2000, os Par\u00e2metros Curriculares Nacionais do Ensino M\u00e9dio chegaram com a miss\u00e3o de reorganizar a base curricular para integrar os alunos &#8220;ao mundo contempor\u00e2neo nas dimens\u00f5es fundamentais da cidadania e do trabalho&#8221;. O documento cita que, at\u00e9 ent\u00e3o, &#8220;t\u00ednhamos um ensino descontextualizado, compartimentalizado e baseado no ac\u00famulo de informa\u00e7\u00f5es&#8221;. Os novos Par\u00e2metros buscavam, portanto, &#8220;dar significado ao conhecimento escolar, mediante a contextualiza\u00e7\u00e3o; evitar a compartimentaliza\u00e7\u00e3o, mediante a interdisciplinaridade; e incentivar o racioc\u00ednio e a capacidade de aprender&#8221;.<\/p>\n<p style=\"color: #000000;\">Quatorze anos depois, as cr\u00edticas continuam as mesmas. Para Rafael Mingote, professor e coordenador do ensino m\u00e9dio e do ensino fundamental II em uma escola particular de Parano\u00e1, cidade-sat\u00e9lite do Distrito Federal, ainda falta proximidade do curr\u00edculo com a realidade dos alunos. &#8220;Tenho um leque de oportunidades e discuss\u00f5es que est\u00e3o al\u00e9m do curr\u00edculo, mas que n\u00e3o podem ser exploradas por causa desta pris\u00e3o que \u00e9 este ensino conteudista&#8221;, lamenta.<\/p>\n<p style=\"color: #000000;\">\n<strong>O efeito ensino superior<\/strong><\/p>\n<p style=\"color: #000000;\">&#8220;Nas minhas andan\u00e7as pelo pa\u00eds, tenho visto escolas reduzirem o ensino m\u00e9dio a dois anos e transformarem o terceiro ano em um cursinho, um preparat\u00f3rio para o Enem e para o vestibular. Estamos na antessala do desastre final&#8221;, ressalta Moaci Carneiro.<\/p>\n<p style=\"color: #000000;\">O Enem e as provas de acesso ao ensino superior continuam sendo os grandes respons\u00e1veis pelo curr\u00edculo dessa etapa escolar. &#8220;Os vestibulares da USP, da Unicamp e da Unesp praticamente determinam o modelo de ensino m\u00e9dio do Brasil inteiro&#8221;, diz Ulisses Ara\u00fajo, professor da escola de Artes, Ci\u00eancias e Humanidades da USP Leste.<\/p>\n<p style=\"color: #000000;\">E a situa\u00e7\u00e3o deve continuar assim pelo menos pelos pr\u00f3ximos dois anos, o prazo estabelecido por Cid Gomes para reorganizar a etapa. Em 2014, apesar das declara\u00e7\u00f5es da presidente, poucas a\u00e7\u00f5es se concretizaram. Das 11 reuni\u00f5es programadas para discutir o projeto de lei 6840\/13, que trata da jornada de tempo integral e disp\u00f5e sobre a organiza\u00e7\u00e3o do curr\u00edculo, oito n\u00e3o aconteceram (por cancelamento ou falta de qu\u00f3rum) e apenas duas t\u00eam as atas dispon\u00edveis no site da C\u00e2mara dos Deputados. J\u00e1 o site e os f\u00f3runs de discuss\u00e3o online do Pacto Nacional para o Fortalecimento do Ensino M\u00e9dio n\u00e3o t\u00eam atualiza\u00e7\u00f5es desde o per\u00edodo do lan\u00e7amento, em 2013.<\/p>\n<p style=\"color: #000000;\">Antes de deixar o cargo, o ex-ministro Henrique Paim confirmou \u00e0 Educa\u00e7\u00e3o que o MEC realizou uma consulta a todos os secret\u00e1rios de educa\u00e7\u00e3o estaduais e do Distrito Federal e a cada uma das representa\u00e7\u00f5es estaduais da Uni\u00e3o dos Dirigentes Municipais de Educa\u00e7\u00e3o a fim de coletar informa\u00e7\u00f5es para a constru\u00e7\u00e3o de uma base nacional comum curricular: At\u00e9 o fechamento da edi\u00e7\u00e3o, a pasta ainda estava aguardando o recebimento de todas as respostas para ent\u00e3o produzir um estudo nacional que ir\u00e1 subsidiar as discuss\u00f5es em torno dessa base nacional comum.<\/p>\n<p style=\"color: #000000;\">Fonte: Revista Educa\u00e7\u00e3o<\/p>\n","protected":false},"excerpt":{"rendered":"<p>Os dados e problemas s\u00e3o conhecidos. Distor\u00e7\u00e3o idade-s\u00e9rie, alto \u00edndice de evas\u00e3o e estagna\u00e7\u00e3o nos resultados do \u00cdndice de Desenvolvimento da Educa\u00e7\u00e3o B\u00e1sica (Ideb) fazem do ensino m\u00e9dio uma das etapas mais preocupantes do sistema educacional brasileiro. Entre as diversas solu\u00e7\u00f5es tentadas nos \u00faltimos anos, uma voltou a ganhar for\u00e7a: a necessidade de reformular o [&hellip;]<\/p>\n","protected":false},"author":4,"featured_media":0,"comment_status":"open","ping_status":"open","sticky":false,"template":"","format":"standard","meta":{"footnotes":""},"categories":[14,13],"tags":[],"class_list":["post-614","post","type-post","status-publish","format-standard","hentry","category-brasil","category-educacao"],"_links":{"self":[{"href":"http:\/\/sinpro-al.com.br\/v2\/index.php?rest_route=\/wp\/v2\/posts\/614","targetHints":{"allow":["GET"]}}],"collection":[{"href":"http:\/\/sinpro-al.com.br\/v2\/index.php?rest_route=\/wp\/v2\/posts"}],"about":[{"href":"http:\/\/sinpro-al.com.br\/v2\/index.php?rest_route=\/wp\/v2\/types\/post"}],"author":[{"embeddable":true,"href":"http:\/\/sinpro-al.com.br\/v2\/index.php?rest_route=\/wp\/v2\/users\/4"}],"replies":[{"embeddable":true,"href":"http:\/\/sinpro-al.com.br\/v2\/index.php?rest_route=%2Fwp%2Fv2%2Fcomments&post=614"}],"version-history":[{"count":1,"href":"http:\/\/sinpro-al.com.br\/v2\/index.php?rest_route=\/wp\/v2\/posts\/614\/revisions"}],"predecessor-version":[{"id":616,"href":"http:\/\/sinpro-al.com.br\/v2\/index.php?rest_route=\/wp\/v2\/posts\/614\/revisions\/616"}],"wp:attachment":[{"href":"http:\/\/sinpro-al.com.br\/v2\/index.php?rest_route=%2Fwp%2Fv2%2Fmedia&parent=614"}],"wp:term":[{"taxonomy":"category","embeddable":true,"href":"http:\/\/sinpro-al.com.br\/v2\/index.php?rest_route=%2Fwp%2Fv2%2Fcategories&post=614"},{"taxonomy":"post_tag","embeddable":true,"href":"http:\/\/sinpro-al.com.br\/v2\/index.php?rest_route=%2Fwp%2Fv2%2Ftags&post=614"}],"curies":[{"name":"wp","href":"https:\/\/api.w.org\/{rel}","templated":true}]}}