{"id":598,"date":"2015-01-19T11:06:25","date_gmt":"2015-01-19T14:06:25","guid":{"rendered":"http:\/\/sinpro-al.com.br\/v2\/?p=598"},"modified":"2015-01-19T11:06:25","modified_gmt":"2015-01-19T14:06:25","slug":"presidente-do-sinpro-al-participa-de-entrevista-na-tv-assembleia","status":"publish","type":"post","link":"http:\/\/sinpro-al.com.br\/v2\/?p=598","title":{"rendered":"Presidente do Sinpro-AL participa de entrevista na TV Assembleia"},"content":{"rendered":"<p>A Educa\u00e7\u00e3o na rede privada foi o tema deste s\u00e1bado (17) do Programa Tv Cidad\u00e3 na TV Assembleia que contou com a participa\u00e7\u00e3o do presidente do Sinpro-AL, Fernando Firmino. Dura<img loading=\"lazy\" decoding=\"async\" class=\"alignleft wp-image-599 size-medium\" src=\"http:\/\/sinpro-al.com.br\/v2\/wp-content\/uploads\/2015\/01\/2015-01-17-12.57.48-300x225.jpg\" alt=\"2015-01-17 12.57.48\" width=\"300\" height=\"225\" srcset=\"http:\/\/sinpro-al.com.br\/v2\/wp-content\/uploads\/2015\/01\/2015-01-17-12.57.48-300x225.jpg 300w, http:\/\/sinpro-al.com.br\/v2\/wp-content\/uploads\/2015\/01\/2015-01-17-12.57.48-1024x768.jpg 1024w, http:\/\/sinpro-al.com.br\/v2\/wp-content\/uploads\/2015\/01\/2015-01-17-12.57.48.jpg 2048w\" sizes=\"auto, (max-width: 300px) 100vw, 300px\" \/>nte meia hora, assuntos como a qualidade do ensino e condi\u00e7\u00f5es de trabalho dos professores foram debatidos.<\/p>\n<p>Firmino comentou sobre as situa\u00e7\u00f5es encontradas corriqueiramente em institui\u00e7\u00f5es durante fiscaliza\u00e7\u00f5es do sindicato. &#8220;Temos professores que lecionam em turmas com mais de 50 alunos e n\u00e3o existe um equipamento de som com microfone para auxili\u00e1-lo&#8221;, exemplificou.<\/p>\n<p>Sobre o ensino da rede privada, o presidente falou sobre a l\u00f3gica do mercado: &#8220;Alunos s\u00e3o tratados como mercadorias, ent\u00e3o o professor \u00e9 cobrado pela quantidade de alunos que conseguem aprova\u00e7\u00e3o no vestibular e n\u00e3o pela qualidade em sala de aula&#8221;.<\/p>\n<p>Quando questionado sobre o piso salarial dos profissionais, o presidente alegou que o valor atual ainda est\u00e1 abaixo do que deveria ser. &#8220;O professor n\u00e3o trabalha apenas dentro da escola, ele sempre leva material para o seu lar. Algumas vezes, deixam de passar um final de semana com a fam\u00edlia para corrigir provas, por exemplo&#8221;.<\/p>\n<p>No final ele convidou a categoria para as discuss\u00f5es da data-base que come\u00e7am em fevereiro e ratificou o compromisso do Sinpro-AL pelos profissionais da Educa\u00e7\u00e3o. &#8220;O Sindicato est\u00e1 a disposi\u00e7\u00e3o para todos os professores. Nossa fun\u00e7\u00e3o \u00e9 lutar pelos direitos da categoria e por uma Educa\u00e7\u00e3o de qualidade&#8221;, concluiu.<\/p>\n","protected":false},"excerpt":{"rendered":"<p>A Educa\u00e7\u00e3o na rede privada foi o tema deste s\u00e1bado (17) do Programa Tv Cidad\u00e3 na TV Assembleia que contou com a participa\u00e7\u00e3o do presidente do Sinpro-AL, Fernando Firmino. Durante meia hora, assuntos como a qualidade do ensino e condi\u00e7\u00f5es de trabalho dos professores foram debatidos. Firmino comentou sobre as situa\u00e7\u00f5es encontradas corriqueiramente em institui\u00e7\u00f5es [&hellip;]<\/p>\n","protected":false},"author":4,"featured_media":0,"comment_status":"open","ping_status":"open","sticky":false,"template":"","format":"standard","meta":{"footnotes":""},"categories":[18,13,4],"tags":[],"class_list":["post-598","post","type-post","status-publish","format-standard","hentry","category-alagoas","category-educacao","category-noticias-sinpro-al"],"_links":{"self":[{"href":"http:\/\/sinpro-al.com.br\/v2\/index.php?rest_route=\/wp\/v2\/posts\/598","targetHints":{"allow":["GET"]}}],"collection":[{"href":"http:\/\/sinpro-al.com.br\/v2\/index.php?rest_route=\/wp\/v2\/posts"}],"about":[{"href":"http:\/\/sinpro-al.com.br\/v2\/index.php?rest_route=\/wp\/v2\/types\/post"}],"author":[{"embeddable":true,"href":"http:\/\/sinpro-al.com.br\/v2\/index.php?rest_route=\/wp\/v2\/users\/4"}],"replies":[{"embeddable":true,"href":"http:\/\/sinpro-al.com.br\/v2\/index.php?rest_route=%2Fwp%2Fv2%2Fcomments&post=598"}],"version-history":[{"count":1,"href":"http:\/\/sinpro-al.com.br\/v2\/index.php?rest_route=\/wp\/v2\/posts\/598\/revisions"}],"predecessor-version":[{"id":600,"href":"http:\/\/sinpro-al.com.br\/v2\/index.php?rest_route=\/wp\/v2\/posts\/598\/revisions\/600"}],"wp:attachment":[{"href":"http:\/\/sinpro-al.com.br\/v2\/index.php?rest_route=%2Fwp%2Fv2%2Fmedia&parent=598"}],"wp:term":[{"taxonomy":"category","embeddable":true,"href":"http:\/\/sinpro-al.com.br\/v2\/index.php?rest_route=%2Fwp%2Fv2%2Fcategories&post=598"},{"taxonomy":"post_tag","embeddable":true,"href":"http:\/\/sinpro-al.com.br\/v2\/index.php?rest_route=%2Fwp%2Fv2%2Ftags&post=598"}],"curies":[{"name":"wp","href":"https:\/\/api.w.org\/{rel}","templated":true}]}}