{"id":578,"date":"2014-12-23T14:58:53","date_gmt":"2014-12-23T17:58:53","guid":{"rendered":"http:\/\/sinpro-al.com.br\/v2\/?p=578"},"modified":"2014-12-23T15:01:48","modified_gmt":"2014-12-23T18:01:48","slug":"presidente-do-sinpro-al-deseja-boas-festas","status":"publish","type":"post","link":"http:\/\/sinpro-al.com.br\/v2\/?p=578","title":{"rendered":"Presidente do Sinpro-AL deseja Boas Festas"},"content":{"rendered":"<p><strong>Amigo (a) associado (a), <\/strong><\/p>\n<p>N\u00f3s, do Sinpro-AL, desejamos a voc\u00ea um Natal de muita paz entre familiares e amigos. Esse \u00e9 um momento sagrado, onde buscamos renovar for\u00e7as para seguir trilhando, de forma harmoniosa, nossos objetivos. A valoriza\u00e7\u00e3o da classe vai continuar sendo a bandeira defendida pela atual gest\u00e3o do Sinpro-AL. No dia <strong>1\u00ba de mar\u00e7o de 2015<\/strong> ir\u00e1 acontecer nossa data-base, encontro que discutiremos as demandas de nossa categoria, inclusive nosso reajuste salarial, Aproveitem as festa! A nossa luta, em defesa de voc\u00eas, vai continuar!<\/p>\n<p>&nbsp;<\/p>\n<p><strong>Fernando Firmino<\/strong><\/p>\n<p><strong>Presidente<\/strong><\/p>\n","protected":false},"excerpt":{"rendered":"<p>Amigo (a) associado (a), N\u00f3s, do Sinpro-AL, desejamos a voc\u00ea um Natal de muita paz entre familiares e amigos. Esse \u00e9 um momento sagrado, onde buscamos renovar for\u00e7as para seguir trilhando, de forma harmoniosa, nossos objetivos. A valoriza\u00e7\u00e3o da classe vai continuar sendo a bandeira defendida pela atual gest\u00e3o do Sinpro-AL. No dia 1\u00ba de [&hellip;]<\/p>\n","protected":false},"author":4,"featured_media":0,"comment_status":"open","ping_status":"open","sticky":false,"template":"","format":"standard","meta":{"footnotes":""},"categories":[18,4],"tags":[],"class_list":["post-578","post","type-post","status-publish","format-standard","hentry","category-alagoas","category-noticias-sinpro-al"],"_links":{"self":[{"href":"http:\/\/sinpro-al.com.br\/v2\/index.php?rest_route=\/wp\/v2\/posts\/578","targetHints":{"allow":["GET"]}}],"collection":[{"href":"http:\/\/sinpro-al.com.br\/v2\/index.php?rest_route=\/wp\/v2\/posts"}],"about":[{"href":"http:\/\/sinpro-al.com.br\/v2\/index.php?rest_route=\/wp\/v2\/types\/post"}],"author":[{"embeddable":true,"href":"http:\/\/sinpro-al.com.br\/v2\/index.php?rest_route=\/wp\/v2\/users\/4"}],"replies":[{"embeddable":true,"href":"http:\/\/sinpro-al.com.br\/v2\/index.php?rest_route=%2Fwp%2Fv2%2Fcomments&post=578"}],"version-history":[{"count":2,"href":"http:\/\/sinpro-al.com.br\/v2\/index.php?rest_route=\/wp\/v2\/posts\/578\/revisions"}],"predecessor-version":[{"id":583,"href":"http:\/\/sinpro-al.com.br\/v2\/index.php?rest_route=\/wp\/v2\/posts\/578\/revisions\/583"}],"wp:attachment":[{"href":"http:\/\/sinpro-al.com.br\/v2\/index.php?rest_route=%2Fwp%2Fv2%2Fmedia&parent=578"}],"wp:term":[{"taxonomy":"category","embeddable":true,"href":"http:\/\/sinpro-al.com.br\/v2\/index.php?rest_route=%2Fwp%2Fv2%2Fcategories&post=578"},{"taxonomy":"post_tag","embeddable":true,"href":"http:\/\/sinpro-al.com.br\/v2\/index.php?rest_route=%2Fwp%2Fv2%2Ftags&post=578"}],"curies":[{"name":"wp","href":"https:\/\/api.w.org\/{rel}","templated":true}]}}