{"id":575,"date":"2014-12-22T10:37:19","date_gmt":"2014-12-22T13:37:19","guid":{"rendered":"http:\/\/sinpro-al.com.br\/v2\/?p=575"},"modified":"2014-12-22T10:37:19","modified_gmt":"2014-12-22T13:37:19","slug":"sinproal-apresenta-projeto-que-regula-equipamentos-eletronicos-em-sala-de-aula","status":"publish","type":"post","link":"http:\/\/sinpro-al.com.br\/v2\/?p=575","title":{"rendered":"Sinpro\/AL apresenta projeto que regula equipamentos eletr\u00f4nicos em sala de aula"},"content":{"rendered":"<p>Uma proposta para um Projeto de Lei (PL) Estadual, que regula os estudantes da rede p\u00fablica e privada a n\u00e3o utilizarem aparelhos eletr\u00f4nicos<a href=\"http:\/\/sinpro-al.com.br\/v2\/wp-content\/uploads\/2014\/12\/Dirigentes-do-Sinpro-Murilo-Firmino-e-Olavo-Lins-reunidos-com-o-deputado-Ronaldo-Medeiros-Foto-Camila-Ferraz.jpg\"><img loading=\"lazy\" decoding=\"async\" class=\"alignright size-medium wp-image-576\" src=\"http:\/\/sinpro-al.com.br\/v2\/wp-content\/uploads\/2014\/12\/Dirigentes-do-Sinpro-Murilo-Firmino-e-Olavo-Lins-reunidos-com-o-deputado-Ronaldo-Medeiros-Foto-Camila-Ferraz-300x168.jpg\" alt=\"Dirigentes do Sinpro, Murilo Firmino e Olavo Lins reunidos com o deputado Ronaldo Medeiros - Foto - Camila Ferraz\" width=\"300\" height=\"168\" srcset=\"http:\/\/sinpro-al.com.br\/v2\/wp-content\/uploads\/2014\/12\/Dirigentes-do-Sinpro-Murilo-Firmino-e-Olavo-Lins-reunidos-com-o-deputado-Ronaldo-Medeiros-Foto-Camila-Ferraz-300x168.jpg 300w, http:\/\/sinpro-al.com.br\/v2\/wp-content\/uploads\/2014\/12\/Dirigentes-do-Sinpro-Murilo-Firmino-e-Olavo-Lins-reunidos-com-o-deputado-Ronaldo-Medeiros-Foto-Camila-Ferraz-1024x576.jpg 1024w, http:\/\/sinpro-al.com.br\/v2\/wp-content\/uploads\/2014\/12\/Dirigentes-do-Sinpro-Murilo-Firmino-e-Olavo-Lins-reunidos-com-o-deputado-Ronaldo-Medeiros-Foto-Camila-Ferraz.jpg 1280w\" sizes=\"auto, (max-width: 300px) 100vw, 300px\" \/><\/a> dentro da sala, foi apresentada pelos diretores do Sindicato dos Professores de Alagoas (Sinpro-AL), Olavo Lins e Murilo Firmino, ao deputado estadual Ronaldo Medeiros (PT). A iniciativa visa combater um grande problema enfrentado pelos professores, o v\u00edcio do bate-papo WhatsApp e outras tecnologias.<\/p>\n<p>Ganhado popularidade entre crian\u00e7as, jovens, adultos e at\u00e9 idosos, o aplicativo se transformou um &#8216;v\u00edrus&#8217;, principalmente para os estudantes que de forma descontrolada, utilizam a ferramenta sem limites. Isso vem gerando problemas no acompanhamento das aulas, fazendo com que muitos professores deixem de ter a aten\u00e7\u00e3o dos alunos na hora de lecionar.<\/p>\n<p>&#8220;Isso j\u00e1 virou um grave problema. A maioria dos alunos n\u00e3o consegue se concentrar nas aulas, pois a cada minuto eles est\u00e3o nos celulares. Isso prejudica os professores de qualquer rede de ensino&#8221;, disse o professor e dirigente do Sinpro-AL Murilo Firmino.<br \/>\nEle ainda complementa que o projeto pretende s\u00f3 proibir o uso dos celulares e outros equipamentos eletr\u00f4nicos dentro das salas de aulas, que \u00e9 considerado um manuseio n\u00e3o pedag\u00f3gico.<\/p>\n<p>Ronaldo Medeiros se comprometeu, na volta do recesso legislativo, em trabalhar para que o projeto seja aprovado, e assim executado no \u00e2mbito Estadual. &#8220;Em fevereiro irei conversar com os outros parlamentares, mostrando a import\u00e2ncia do projeto para um melhor desempenho educacional dos nossos alunos&#8221;, garantiu Ronaldo.<\/p>\n<p>PL tramita na C\u00e2mara de Macei\u00f3<\/p>\n<p>No \u00faltimo dia 3 de dezembro, por meio do vereador Wilson J\u00fanior (PDT), o Sinpro-AL conseguiu fazer com que o Projeto Lei entrasse na C\u00e2mara dos Vereadores. Para o presidente do Sindicato, Fernando Firmino, s\u00f3 estava faltando ampliar para a lei para esfera Estadual, j\u00e1 que o PL tramita na C\u00e2mara de Macei\u00f3.<\/p>\n<p>&#8220;J\u00e1 temos dois bons representantes com nossas propostas em m\u00e3os. Agora \u00e9 aguardar e acompanhar o andamento dos processos. Espero que seja aprovado, pois n\u00e3o podemos deixar que os avan\u00e7os tecnol\u00f3gicos venham prejudicar o desempenhos dos nossos alunos&#8221;, finalizou Fernando Firmino.<\/p>\n","protected":false},"excerpt":{"rendered":"<p>Uma proposta para um Projeto de Lei (PL) Estadual, que regula os estudantes da rede p\u00fablica e privada a n\u00e3o utilizarem aparelhos eletr\u00f4nicos dentro da sala, foi apresentada pelos diretores do Sindicato dos Professores de Alagoas (Sinpro-AL), Olavo Lins e Murilo Firmino, ao deputado estadual Ronaldo Medeiros (PT). A iniciativa visa combater um grande problema [&hellip;]<\/p>\n","protected":false},"author":4,"featured_media":0,"comment_status":"open","ping_status":"open","sticky":false,"template":"","format":"standard","meta":{"footnotes":""},"categories":[18,13,4],"tags":[],"class_list":["post-575","post","type-post","status-publish","format-standard","hentry","category-alagoas","category-educacao","category-noticias-sinpro-al"],"_links":{"self":[{"href":"http:\/\/sinpro-al.com.br\/v2\/index.php?rest_route=\/wp\/v2\/posts\/575","targetHints":{"allow":["GET"]}}],"collection":[{"href":"http:\/\/sinpro-al.com.br\/v2\/index.php?rest_route=\/wp\/v2\/posts"}],"about":[{"href":"http:\/\/sinpro-al.com.br\/v2\/index.php?rest_route=\/wp\/v2\/types\/post"}],"author":[{"embeddable":true,"href":"http:\/\/sinpro-al.com.br\/v2\/index.php?rest_route=\/wp\/v2\/users\/4"}],"replies":[{"embeddable":true,"href":"http:\/\/sinpro-al.com.br\/v2\/index.php?rest_route=%2Fwp%2Fv2%2Fcomments&post=575"}],"version-history":[{"count":1,"href":"http:\/\/sinpro-al.com.br\/v2\/index.php?rest_route=\/wp\/v2\/posts\/575\/revisions"}],"predecessor-version":[{"id":577,"href":"http:\/\/sinpro-al.com.br\/v2\/index.php?rest_route=\/wp\/v2\/posts\/575\/revisions\/577"}],"wp:attachment":[{"href":"http:\/\/sinpro-al.com.br\/v2\/index.php?rest_route=%2Fwp%2Fv2%2Fmedia&parent=575"}],"wp:term":[{"taxonomy":"category","embeddable":true,"href":"http:\/\/sinpro-al.com.br\/v2\/index.php?rest_route=%2Fwp%2Fv2%2Fcategories&post=575"},{"taxonomy":"post_tag","embeddable":true,"href":"http:\/\/sinpro-al.com.br\/v2\/index.php?rest_route=%2Fwp%2Fv2%2Ftags&post=575"}],"curies":[{"name":"wp","href":"https:\/\/api.w.org\/{rel}","templated":true}]}}