{"id":572,"date":"2014-12-19T09:34:20","date_gmt":"2014-12-19T12:34:20","guid":{"rendered":"http:\/\/sinpro-al.com.br\/v2\/?p=572"},"modified":"2014-12-19T09:34:20","modified_gmt":"2014-12-19T12:34:20","slug":"diretoria-do-sinpro-al-estreita-lacos-com-o-sinteal","status":"publish","type":"post","link":"http:\/\/sinpro-al.com.br\/v2\/?p=572","title":{"rendered":"Diretoria do Sinpro-AL estreita la\u00e7os com o Sinteal"},"content":{"rendered":"<p><span style=\"color: #373e4d;\"><a href=\"http:\/\/sinpro-al.com.br\/v2\/wp-content\/uploads\/2014\/12\/DSC_1030.jpg\"><img loading=\"lazy\" decoding=\"async\" class=\"alignleft size-medium wp-image-573\" src=\"http:\/\/sinpro-al.com.br\/v2\/wp-content\/uploads\/2014\/12\/DSC_1030-300x200.jpg\" alt=\"DSC_1030\" width=\"300\" height=\"200\" srcset=\"http:\/\/sinpro-al.com.br\/v2\/wp-content\/uploads\/2014\/12\/DSC_1030-300x200.jpg 300w, http:\/\/sinpro-al.com.br\/v2\/wp-content\/uploads\/2014\/12\/DSC_1030-1024x685.jpg 1024w\" sizes=\"auto, (max-width: 300px) 100vw, 300px\" \/><\/a>Nesta quarta-feira (17), o presidente do Sindicato dos Professores de Alagoas (Sinpro-AL), Fernando Firmino, na companhia de seus diretores, realizaram uma visita de cortesia a presidenta do Sindicato dos Trabalhadores em Educa\u00e7\u00e3o de Alagoas (Sinteal), Consuelo Correia. <\/span><\/p>\n<p><span style=\"color: #373e4d;\">Foi refor\u00e7ado o compromisso das entidades com os profissionais da educa\u00e7\u00e3o alagoana e a import\u00e2ncia dos grupos caminharem juntos no ano de 2015. Al\u00e9m de Firmino e Consuelo, tamb\u00e9m estiveram presentes o representante da CUT, C\u00edcero Louren\u00e7o, Girlene L\u00e1zaro do Sinteal e Olavo Lins, Murilo Firmino e Ev\u00e2nio Salvador, todos professores e dirigentes do Sinpro-AL.<\/span><\/p>\n","protected":false},"excerpt":{"rendered":"<p>Nesta quarta-feira (17), o presidente do Sindicato dos Professores de Alagoas (Sinpro-AL), Fernando Firmino, na companhia de seus diretores, realizaram uma visita de cortesia a presidenta do Sindicato dos Trabalhadores em Educa\u00e7\u00e3o de Alagoas (Sinteal), Consuelo Correia. Foi refor\u00e7ado o compromisso das entidades com os profissionais da educa\u00e7\u00e3o alagoana e a import\u00e2ncia dos grupos caminharem [&hellip;]<\/p>\n","protected":false},"author":4,"featured_media":0,"comment_status":"open","ping_status":"open","sticky":false,"template":"","format":"standard","meta":{"footnotes":""},"categories":[1],"tags":[],"class_list":["post-572","post","type-post","status-publish","format-standard","hentry","category-sem-categoria"],"_links":{"self":[{"href":"http:\/\/sinpro-al.com.br\/v2\/index.php?rest_route=\/wp\/v2\/posts\/572","targetHints":{"allow":["GET"]}}],"collection":[{"href":"http:\/\/sinpro-al.com.br\/v2\/index.php?rest_route=\/wp\/v2\/posts"}],"about":[{"href":"http:\/\/sinpro-al.com.br\/v2\/index.php?rest_route=\/wp\/v2\/types\/post"}],"author":[{"embeddable":true,"href":"http:\/\/sinpro-al.com.br\/v2\/index.php?rest_route=\/wp\/v2\/users\/4"}],"replies":[{"embeddable":true,"href":"http:\/\/sinpro-al.com.br\/v2\/index.php?rest_route=%2Fwp%2Fv2%2Fcomments&post=572"}],"version-history":[{"count":1,"href":"http:\/\/sinpro-al.com.br\/v2\/index.php?rest_route=\/wp\/v2\/posts\/572\/revisions"}],"predecessor-version":[{"id":574,"href":"http:\/\/sinpro-al.com.br\/v2\/index.php?rest_route=\/wp\/v2\/posts\/572\/revisions\/574"}],"wp:attachment":[{"href":"http:\/\/sinpro-al.com.br\/v2\/index.php?rest_route=%2Fwp%2Fv2%2Fmedia&parent=572"}],"wp:term":[{"taxonomy":"category","embeddable":true,"href":"http:\/\/sinpro-al.com.br\/v2\/index.php?rest_route=%2Fwp%2Fv2%2Fcategories&post=572"},{"taxonomy":"post_tag","embeddable":true,"href":"http:\/\/sinpro-al.com.br\/v2\/index.php?rest_route=%2Fwp%2Fv2%2Ftags&post=572"}],"curies":[{"name":"wp","href":"https:\/\/api.w.org\/{rel}","templated":true}]}}