{"id":5688,"date":"2021-06-16T12:15:29","date_gmt":"2021-06-16T15:15:29","guid":{"rendered":"http:\/\/sinpro-al.com.br\/v2\/?p=5688"},"modified":"2021-06-16T12:15:30","modified_gmt":"2021-06-16T15:15:30","slug":"recesso-junino","status":"publish","type":"post","link":"http:\/\/sinpro-al.com.br\/v2\/?p=5688","title":{"rendered":"RECESSO JUNINO"},"content":{"rendered":"\n<p>Todas as escolas particulares de Alagoas ter\u00e3o recesso no mesmo per\u00edodo at\u00e9 2021. A determina\u00e7\u00e3o fez parte de um acordo coletivo formalizado no Minist\u00e9rio P\u00fablico do Trabalho (PRT) entre o Sindicato dos Professores de Alagoas (Sinpro) e do Sindicato dos Estabelecimentos de Ensino (Sinepe), em mar\u00e7o deste ano.<br>O per\u00edodo de recesso das institui\u00e7\u00f5es de ensino b\u00e1sico ser\u00e1 entre os dias 23 de junho e 7 de julho.<br>A decis\u00e3o traz como benef\u00edcio aos professores uma semana sem atividades em sala de aula. \u201cAgora o professor tamb\u00e9m tem a possibilidade de descansar. Somente a partir da segunda semana do recesso \u00e9 que eles podem ser chamados pela escola para discuss\u00e3o de planejamento\u201d, explica o presidente do Sinpro, Eduardo Vasconcelos.<br>Os col\u00e9gios que descumprirem o acordo ter\u00e3o que remunerar cada professor por dia de trabalho. Caso n\u00e3o cumpram com o acordo, a escola que abrir ser\u00e1 acionada na Justi\u00e7a do Trabalho por descumprimento de Conven\u00e7\u00e3o Coletiva, frisou Eduardo.<br>Ainda segundo o presidente do Sinpro, apenas as institui\u00e7\u00f5es do munic\u00edpio de Arapiraca chegaram a um acordo diferente, onde apresentam o per\u00edodo de 30 dias de f\u00e9rias em julho e o recesso em janeiro.<br>A decis\u00e3o perde a vig\u00eancia em mar\u00e7o de 2022, quando uma nova conven\u00e7\u00e3o coletiva deve ser realizada para discutir o assunto. <\/p>\n","protected":false},"excerpt":{"rendered":"<p>Todas as escolas particulares de Alagoas ter\u00e3o recesso no mesmo per\u00edodo at\u00e9 2021. A determina\u00e7\u00e3o fez parte de um acordo coletivo formalizado no Minist\u00e9rio P\u00fablico do Trabalho (PRT) entre o Sindicato dos Professores de Alagoas (Sinpro) e do Sindicato dos Estabelecimentos de Ensino (Sinepe), em mar\u00e7o deste ano.O per\u00edodo de recesso das institui\u00e7\u00f5es de ensino [&hellip;]<\/p>\n","protected":false},"author":4,"featured_media":5689,"comment_status":"open","ping_status":"open","sticky":false,"template":"","format":"standard","meta":{"footnotes":""},"categories":[4],"tags":[],"class_list":["post-5688","post","type-post","status-publish","format-standard","has-post-thumbnail","hentry","category-noticias-sinpro-al"],"_links":{"self":[{"href":"http:\/\/sinpro-al.com.br\/v2\/index.php?rest_route=\/wp\/v2\/posts\/5688","targetHints":{"allow":["GET"]}}],"collection":[{"href":"http:\/\/sinpro-al.com.br\/v2\/index.php?rest_route=\/wp\/v2\/posts"}],"about":[{"href":"http:\/\/sinpro-al.com.br\/v2\/index.php?rest_route=\/wp\/v2\/types\/post"}],"author":[{"embeddable":true,"href":"http:\/\/sinpro-al.com.br\/v2\/index.php?rest_route=\/wp\/v2\/users\/4"}],"replies":[{"embeddable":true,"href":"http:\/\/sinpro-al.com.br\/v2\/index.php?rest_route=%2Fwp%2Fv2%2Fcomments&post=5688"}],"version-history":[{"count":1,"href":"http:\/\/sinpro-al.com.br\/v2\/index.php?rest_route=\/wp\/v2\/posts\/5688\/revisions"}],"predecessor-version":[{"id":5690,"href":"http:\/\/sinpro-al.com.br\/v2\/index.php?rest_route=\/wp\/v2\/posts\/5688\/revisions\/5690"}],"wp:featuredmedia":[{"embeddable":true,"href":"http:\/\/sinpro-al.com.br\/v2\/index.php?rest_route=\/wp\/v2\/media\/5689"}],"wp:attachment":[{"href":"http:\/\/sinpro-al.com.br\/v2\/index.php?rest_route=%2Fwp%2Fv2%2Fmedia&parent=5688"}],"wp:term":[{"taxonomy":"category","embeddable":true,"href":"http:\/\/sinpro-al.com.br\/v2\/index.php?rest_route=%2Fwp%2Fv2%2Fcategories&post=5688"},{"taxonomy":"post_tag","embeddable":true,"href":"http:\/\/sinpro-al.com.br\/v2\/index.php?rest_route=%2Fwp%2Fv2%2Ftags&post=5688"}],"curies":[{"name":"wp","href":"https:\/\/api.w.org\/{rel}","templated":true}]}}