{"id":5608,"date":"2020-06-26T13:23:16","date_gmt":"2020-06-26T16:23:16","guid":{"rendered":"http:\/\/sinpro-al.com.br\/v2\/?p=5608"},"modified":"2020-06-26T13:23:18","modified_gmt":"2020-06-26T16:23:18","slug":"documento-divulgado-nesta-terca-feira-23-traz-diretrizes-a-serem-adotadas-por-instituicoes-de-ensino-entre-elas-o-respeito-a-jornada-de-trabalho-e-a-irredutibilidade-salarial","status":"publish","type":"post","link":"http:\/\/sinpro-al.com.br\/v2\/?p=5608","title":{"rendered":"Documento divulgado nesta ter\u00e7a-feira (23) traz diretrizes a serem adotadas por institui\u00e7\u00f5es de ensino, entre elas o respeito \u00e0 jornada de trabalho e \u00e0 irredutibilidade salarial"},"content":{"rendered":"\n<p><strong>Procuradoria-Geral do Trabalho<\/strong> &#8211; 23\/06\/2020\n        \n\n        <\/p>\n\n\n\n<p><strong>Bras\u00edlia \u2013<\/strong> O Minist\u00e9rio P\u00fablico do Trabalho (MPT) divulgou nesta ter\u00e7a-feira (23) nota t\u00e9cnica com diretrizes a serem adotadas por institui\u00e7\u00f5es de ensino para garantir os direitos de professores que trabalham por meio de plataformas virtuais e\/ou em home office durante a pandemia da Covid-19. O documento cont\u00e9m orienta\u00e7\u00f5es que tratam de assuntos como o respeito \u00e0 jornada de trabalho dos professores e \u00e0 irredutibilidade salarial.<\/p>\n\n\n\n<p>Na nota, o MPT orienta que as atividades pedag\u00f3gicas na modalidade home office e em plataformas virtuais sejam compat\u00edveis com a jornada contratual dos professores. Portanto, devem ser considerados tanto as atividades realizadas pelo meio digital, quanto o per\u00edodo de capacita\u00e7\u00e3o, adapta\u00e7\u00e3o ao novo modelo de trabalho, prepara\u00e7\u00e3o pr\u00e9via do material a ser utilizado e posterior de orienta\u00e7\u00e3o e avalia\u00e7\u00e3o do aluno. Al\u00e9m disso, a nota t\u00e9cnica estimula a amplia\u00e7\u00e3o de intervalos para repouso e a ado\u00e7\u00e3o de hor\u00e1rios espec\u00edficos para atendimento virtual, assegurando o direito \u00e0 desconex\u00e3o do corpo docente e a compatibilidade entre a vida familiar e profissional.<\/p>\n\n\n\n<p>A institui\u00e7\u00e3o tamb\u00e9m defende a irredutibilidade salarial dos professores, independentemente da modalidade e dos recursos tecnol\u00f3gicos utilizados para elabora\u00e7\u00e3o e compartilhamento do conte\u00fado pedag\u00f3gico, de realiza\u00e7\u00e3o das aulas, e de aplica\u00e7\u00e3o de provas. O MPT esclarece que a redu\u00e7\u00e3o da jornada de trabalho ou a suspens\u00e3o do contrato de trabalho somente podem ocorrer se houver de fato a redu\u00e7\u00e3o da carga hor\u00e1ria de trabalho conforme consta na Medida Provis\u00f3ria n. 936\/2020.<\/p>\n\n\n\n<p>O documento pede ainda que professores e alunos com defici\u00eancia tenham acesso a todos os equipamentos, recursos de tecnologia assistiva e acessibilidade, bem como int\u00e9rprete da Libras, legenda oculta e audiodescri\u00e7\u00e3o, quando necess\u00e1rios.<\/p>\n","protected":false},"excerpt":{"rendered":"<p>Procuradoria-Geral do Trabalho &#8211; 23\/06\/2020 Bras\u00edlia \u2013 O Minist\u00e9rio P\u00fablico do Trabalho (MPT) divulgou nesta ter\u00e7a-feira (23) nota t\u00e9cnica com diretrizes a serem adotadas por institui\u00e7\u00f5es de ensino para garantir os direitos de professores que trabalham por meio de plataformas virtuais e\/ou em home office durante a pandemia da Covid-19. O documento cont\u00e9m orienta\u00e7\u00f5es que [&hellip;]<\/p>\n","protected":false},"author":4,"featured_media":3939,"comment_status":"open","ping_status":"open","sticky":false,"template":"","format":"standard","meta":{"footnotes":""},"categories":[4],"tags":[],"class_list":["post-5608","post","type-post","status-publish","format-standard","has-post-thumbnail","hentry","category-noticias-sinpro-al"],"_links":{"self":[{"href":"http:\/\/sinpro-al.com.br\/v2\/index.php?rest_route=\/wp\/v2\/posts\/5608","targetHints":{"allow":["GET"]}}],"collection":[{"href":"http:\/\/sinpro-al.com.br\/v2\/index.php?rest_route=\/wp\/v2\/posts"}],"about":[{"href":"http:\/\/sinpro-al.com.br\/v2\/index.php?rest_route=\/wp\/v2\/types\/post"}],"author":[{"embeddable":true,"href":"http:\/\/sinpro-al.com.br\/v2\/index.php?rest_route=\/wp\/v2\/users\/4"}],"replies":[{"embeddable":true,"href":"http:\/\/sinpro-al.com.br\/v2\/index.php?rest_route=%2Fwp%2Fv2%2Fcomments&post=5608"}],"version-history":[{"count":1,"href":"http:\/\/sinpro-al.com.br\/v2\/index.php?rest_route=\/wp\/v2\/posts\/5608\/revisions"}],"predecessor-version":[{"id":5609,"href":"http:\/\/sinpro-al.com.br\/v2\/index.php?rest_route=\/wp\/v2\/posts\/5608\/revisions\/5609"}],"wp:featuredmedia":[{"embeddable":true,"href":"http:\/\/sinpro-al.com.br\/v2\/index.php?rest_route=\/wp\/v2\/media\/3939"}],"wp:attachment":[{"href":"http:\/\/sinpro-al.com.br\/v2\/index.php?rest_route=%2Fwp%2Fv2%2Fmedia&parent=5608"}],"wp:term":[{"taxonomy":"category","embeddable":true,"href":"http:\/\/sinpro-al.com.br\/v2\/index.php?rest_route=%2Fwp%2Fv2%2Fcategories&post=5608"},{"taxonomy":"post_tag","embeddable":true,"href":"http:\/\/sinpro-al.com.br\/v2\/index.php?rest_route=%2Fwp%2Fv2%2Ftags&post=5608"}],"curies":[{"name":"wp","href":"https:\/\/api.w.org\/{rel}","templated":true}]}}