{"id":5575,"date":"2020-01-15T14:27:04","date_gmt":"2020-01-15T17:27:04","guid":{"rendered":"http:\/\/sinpro-al.com.br\/v2\/?p=5575"},"modified":"2020-01-15T14:27:06","modified_gmt":"2020-01-15T17:27:06","slug":"sinpro-presente-sera-lancado-brevemente","status":"publish","type":"post","link":"http:\/\/sinpro-al.com.br\/v2\/?p=5575","title":{"rendered":"SINPRO PRESENTE ser\u00e1 lan\u00e7ado brevemente"},"content":{"rendered":"\n<p>A meta do Sinpro Presente \u00e9 ampliar suas estrat\u00e9gias de atua\u00e7\u00e3o em 2020. Al\u00e9m de se estender para os munic\u00edpios do Interior, o programa visa realizar mais a\u00e7\u00f5es que possibilitem a an\u00e1lise objetiva da realidade dos docentes dos v\u00e1rios munic\u00edpios alagoanos\u00a0Em entrevista recente, o presidente do Sinpro de Alagoas, Eduardo Vasconcelos, explicou como a agenda ser\u00e1 desenvolvida.\u201cTrinta e duas grandes a\u00e7\u00f5es est\u00e3o planejadas para acontecer a partir de agora, com a notifica\u00e7\u00e3o extrajudicial sendo enviada para as institui\u00e7\u00f5es de ensino. Essa notifica\u00e7\u00e3o cobrar\u00e1 toda a documenta\u00e7\u00e3o m\u00ednima necess\u00e1ria, tais como: c\u00f3pia dos registros dos contratos de trabalho na Carteira Profissional (CTPS), do pagamento do Fundo de Garantia por Tempo de Servi\u00e7o (FGTS), a comprova\u00e7\u00e3o dos pagamentos dos sal\u00e1rios, 13 sal\u00e1rio e o pagamento das f\u00e9rias\u201d, descreveu.O Sinpro Presente \u00e9 um programa de garantia de direitos e de preven\u00e7\u00e3o da sa\u00fade dos profissionais quem atua nas cidades do interior de Alagoas.Caso a institui\u00e7\u00e3o de ensino n\u00e3o comprove a regulariza\u00e7\u00e3o das obriga\u00e7\u00f5es contratuais, como representante da categoria, o Sinpro de Alagoas encaminhar\u00e1 den\u00fancia ao Minist\u00e9rio P\u00fablico do Trabalho, Secretaria do Trabalho ou ajuizar\u00e1 A\u00e7\u00e3o Civil P\u00fablica na Justi\u00e7a do Trabalho.<\/p>\n\n\n\n<p><br>Somos Professores com Orgulho e Exigimos Respeito!\u00a0<br>#sinpropresente#maisdireito#souprofessorcomorgulhoeexigimosrespeito<\/p>\n","protected":false},"excerpt":{"rendered":"<p>A meta do Sinpro Presente \u00e9 ampliar suas estrat\u00e9gias de atua\u00e7\u00e3o em 2020. Al\u00e9m de se estender para os munic\u00edpios do Interior, o programa visa realizar mais a\u00e7\u00f5es que possibilitem a an\u00e1lise objetiva da realidade dos docentes dos v\u00e1rios munic\u00edpios alagoanos\u00a0Em entrevista recente, o presidente do Sinpro de Alagoas, Eduardo Vasconcelos, explicou como a agenda [&hellip;]<\/p>\n","protected":false},"author":4,"featured_media":5576,"comment_status":"open","ping_status":"open","sticky":false,"template":"","format":"standard","meta":{"footnotes":""},"categories":[4],"tags":[],"class_list":["post-5575","post","type-post","status-publish","format-standard","has-post-thumbnail","hentry","category-noticias-sinpro-al"],"_links":{"self":[{"href":"http:\/\/sinpro-al.com.br\/v2\/index.php?rest_route=\/wp\/v2\/posts\/5575","targetHints":{"allow":["GET"]}}],"collection":[{"href":"http:\/\/sinpro-al.com.br\/v2\/index.php?rest_route=\/wp\/v2\/posts"}],"about":[{"href":"http:\/\/sinpro-al.com.br\/v2\/index.php?rest_route=\/wp\/v2\/types\/post"}],"author":[{"embeddable":true,"href":"http:\/\/sinpro-al.com.br\/v2\/index.php?rest_route=\/wp\/v2\/users\/4"}],"replies":[{"embeddable":true,"href":"http:\/\/sinpro-al.com.br\/v2\/index.php?rest_route=%2Fwp%2Fv2%2Fcomments&post=5575"}],"version-history":[{"count":1,"href":"http:\/\/sinpro-al.com.br\/v2\/index.php?rest_route=\/wp\/v2\/posts\/5575\/revisions"}],"predecessor-version":[{"id":5577,"href":"http:\/\/sinpro-al.com.br\/v2\/index.php?rest_route=\/wp\/v2\/posts\/5575\/revisions\/5577"}],"wp:featuredmedia":[{"embeddable":true,"href":"http:\/\/sinpro-al.com.br\/v2\/index.php?rest_route=\/wp\/v2\/media\/5576"}],"wp:attachment":[{"href":"http:\/\/sinpro-al.com.br\/v2\/index.php?rest_route=%2Fwp%2Fv2%2Fmedia&parent=5575"}],"wp:term":[{"taxonomy":"category","embeddable":true,"href":"http:\/\/sinpro-al.com.br\/v2\/index.php?rest_route=%2Fwp%2Fv2%2Fcategories&post=5575"},{"taxonomy":"post_tag","embeddable":true,"href":"http:\/\/sinpro-al.com.br\/v2\/index.php?rest_route=%2Fwp%2Fv2%2Ftags&post=5575"}],"curies":[{"name":"wp","href":"https:\/\/api.w.org\/{rel}","templated":true}]}}