{"id":5571,"date":"2019-12-02T14:37:03","date_gmt":"2019-12-02T17:37:03","guid":{"rendered":"http:\/\/sinpro-al.com.br\/v2\/?p=5571"},"modified":"2019-12-02T14:37:07","modified_gmt":"2019-12-02T17:37:07","slug":"convocacao-de-assembleia","status":"publish","type":"post","link":"http:\/\/sinpro-al.com.br\/v2\/?p=5571","title":{"rendered":"CONVOCA\u00c7\u00c3O DE ASSEMBLEIA"},"content":{"rendered":"\n<p><strong>EDITAL DE CONVOCA\u00c7\u00c3O DE ASSEMBLEIA \u2013 SINPRO DE ALAGOAS<\/strong><\/p>\n\n\n\n<p>Sindicato dos Professores de Alagoas (Sinpro\/AL) convoca uma assembleia extraordin\u00e1ria para o pr\u00f3ximo s\u00e1bado, 06\/12, \u00e0s 13h,  do corrente ano, exclusivamente para o corpo docente do B\u00c1SICO DE RIO LARGO. A assembleia ser\u00e1 realizada na C\u00c2MARA DE VEREADORES DE RIO LARGO, situada na Rua Euclides Afonso de Melo, s\/n\u00ba &#8211; Centro, Rio Largo \u2013 AL, 57100-000.<\/p>\n\n\n\n<p><strong>1 &#8211; A assembleia tem como pauta a ELEI\u00c7\u00c3O DOS CONSELHEIROS TITULAR\/SUPLENTE PARA A COMPOSI\u00c7\u00c3O DO CONSELHO MUNICIPAL DE EDUCA\u00c7\u00c3O DE RIO LARGO<\/strong><\/p>\n\n\n\n<p>Macei\u00f3, Alagoas, 02 de DEZEMBRO de\n2019.<\/p>\n\n\n\n<p>EDUARDO VASCONCELOS<\/p>\n\n\n\n<p>PRESIDENTE DO SINPRO DE ALAGOAS<\/p>\n","protected":false},"excerpt":{"rendered":"<p>EDITAL DE CONVOCA\u00c7\u00c3O DE ASSEMBLEIA \u2013 SINPRO DE ALAGOAS Sindicato dos Professores de Alagoas (Sinpro\/AL) convoca uma assembleia extraordin\u00e1ria para o pr\u00f3ximo s\u00e1bado, 06\/12, \u00e0s 13h, do corrente ano, exclusivamente para o corpo docente do B\u00c1SICO DE RIO LARGO. A assembleia ser\u00e1 realizada na C\u00c2MARA DE VEREADORES DE RIO LARGO, situada na Rua Euclides Afonso [&hellip;]<\/p>\n","protected":false},"author":4,"featured_media":0,"comment_status":"open","ping_status":"open","sticky":false,"template":"","format":"standard","meta":{"footnotes":""},"categories":[4],"tags":[],"class_list":["post-5571","post","type-post","status-publish","format-standard","hentry","category-noticias-sinpro-al"],"_links":{"self":[{"href":"http:\/\/sinpro-al.com.br\/v2\/index.php?rest_route=\/wp\/v2\/posts\/5571","targetHints":{"allow":["GET"]}}],"collection":[{"href":"http:\/\/sinpro-al.com.br\/v2\/index.php?rest_route=\/wp\/v2\/posts"}],"about":[{"href":"http:\/\/sinpro-al.com.br\/v2\/index.php?rest_route=\/wp\/v2\/types\/post"}],"author":[{"embeddable":true,"href":"http:\/\/sinpro-al.com.br\/v2\/index.php?rest_route=\/wp\/v2\/users\/4"}],"replies":[{"embeddable":true,"href":"http:\/\/sinpro-al.com.br\/v2\/index.php?rest_route=%2Fwp%2Fv2%2Fcomments&post=5571"}],"version-history":[{"count":1,"href":"http:\/\/sinpro-al.com.br\/v2\/index.php?rest_route=\/wp\/v2\/posts\/5571\/revisions"}],"predecessor-version":[{"id":5572,"href":"http:\/\/sinpro-al.com.br\/v2\/index.php?rest_route=\/wp\/v2\/posts\/5571\/revisions\/5572"}],"wp:attachment":[{"href":"http:\/\/sinpro-al.com.br\/v2\/index.php?rest_route=%2Fwp%2Fv2%2Fmedia&parent=5571"}],"wp:term":[{"taxonomy":"category","embeddable":true,"href":"http:\/\/sinpro-al.com.br\/v2\/index.php?rest_route=%2Fwp%2Fv2%2Fcategories&post=5571"},{"taxonomy":"post_tag","embeddable":true,"href":"http:\/\/sinpro-al.com.br\/v2\/index.php?rest_route=%2Fwp%2Fv2%2Ftags&post=5571"}],"curies":[{"name":"wp","href":"https:\/\/api.w.org\/{rel}","templated":true}]}}