{"id":5562,"date":"2019-11-11T14:30:16","date_gmt":"2019-11-11T17:30:16","guid":{"rendered":"http:\/\/sinpro-al.com.br\/v2\/?p=5562"},"modified":"2019-11-11T14:30:18","modified_gmt":"2019-11-11T17:30:18","slug":"feriado-pelo-dia-da-consciencia-negra-permanecera-na-quarta-feira","status":"publish","type":"post","link":"http:\/\/sinpro-al.com.br\/v2\/?p=5562","title":{"rendered":"FERIADO PELO DIA DA CONSCI\u00caNCIA NEGRA PERMANECER\u00c1 NA QUARTA-FEIRA"},"content":{"rendered":"\n<p><br>Como preconiza a nossa Conven\u00e7\u00e3o Coletiva, s\u00f3 haver\u00e1 mudan\u00e7a nos dias comemorativos dos feriados nacionais, estaduais e municipais mediante a assinatura de Acordo Coletivo entre o Sindicato dos Professores e os Sindicatos Patronais (Ensino B\u00e1sico e Ensino Superior), o que at\u00e9 o exato momento n\u00e3o ocorreu.<\/p>\n","protected":false},"excerpt":{"rendered":"<p>Como preconiza a nossa Conven\u00e7\u00e3o Coletiva, s\u00f3 haver\u00e1 mudan\u00e7a nos dias comemorativos dos feriados nacionais, estaduais e municipais mediante a assinatura de Acordo Coletivo entre o Sindicato dos Professores e os Sindicatos Patronais (Ensino B\u00e1sico e Ensino Superior), o que at\u00e9 o exato momento n\u00e3o ocorreu.<\/p>\n","protected":false},"author":4,"featured_media":5563,"comment_status":"open","ping_status":"open","sticky":false,"template":"","format":"standard","meta":{"footnotes":""},"categories":[4],"tags":[],"class_list":["post-5562","post","type-post","status-publish","format-standard","has-post-thumbnail","hentry","category-noticias-sinpro-al"],"_links":{"self":[{"href":"http:\/\/sinpro-al.com.br\/v2\/index.php?rest_route=\/wp\/v2\/posts\/5562","targetHints":{"allow":["GET"]}}],"collection":[{"href":"http:\/\/sinpro-al.com.br\/v2\/index.php?rest_route=\/wp\/v2\/posts"}],"about":[{"href":"http:\/\/sinpro-al.com.br\/v2\/index.php?rest_route=\/wp\/v2\/types\/post"}],"author":[{"embeddable":true,"href":"http:\/\/sinpro-al.com.br\/v2\/index.php?rest_route=\/wp\/v2\/users\/4"}],"replies":[{"embeddable":true,"href":"http:\/\/sinpro-al.com.br\/v2\/index.php?rest_route=%2Fwp%2Fv2%2Fcomments&post=5562"}],"version-history":[{"count":1,"href":"http:\/\/sinpro-al.com.br\/v2\/index.php?rest_route=\/wp\/v2\/posts\/5562\/revisions"}],"predecessor-version":[{"id":5564,"href":"http:\/\/sinpro-al.com.br\/v2\/index.php?rest_route=\/wp\/v2\/posts\/5562\/revisions\/5564"}],"wp:featuredmedia":[{"embeddable":true,"href":"http:\/\/sinpro-al.com.br\/v2\/index.php?rest_route=\/wp\/v2\/media\/5563"}],"wp:attachment":[{"href":"http:\/\/sinpro-al.com.br\/v2\/index.php?rest_route=%2Fwp%2Fv2%2Fmedia&parent=5562"}],"wp:term":[{"taxonomy":"category","embeddable":true,"href":"http:\/\/sinpro-al.com.br\/v2\/index.php?rest_route=%2Fwp%2Fv2%2Fcategories&post=5562"},{"taxonomy":"post_tag","embeddable":true,"href":"http:\/\/sinpro-al.com.br\/v2\/index.php?rest_route=%2Fwp%2Fv2%2Ftags&post=5562"}],"curies":[{"name":"wp","href":"https:\/\/api.w.org\/{rel}","templated":true}]}}