{"id":5525,"date":"2019-09-11T13:02:30","date_gmt":"2019-09-11T16:02:30","guid":{"rendered":"http:\/\/sinpro-al.com.br\/v2\/?p=5525"},"modified":"2019-10-11T11:40:52","modified_gmt":"2019-10-11T14:40:52","slug":"feriado-do-dia-do-professor-foi-antecipado-para-o-dia-14-10","status":"publish","type":"post","link":"http:\/\/sinpro-al.com.br\/v2\/?p=5525","title":{"rendered":"Feriado do Dia do Professor foi antecipado para o dia 14\/10"},"content":{"rendered":"\n<p>O feriado do Dia do Professor ser\u00e1 antecipado do dia 15 de outubro para o dia 14, segunda-feira. A decis\u00e3o do acordo entre os sindicatos beneficia a grande maioria da categoria. Uma grande quantidade de liga\u00e7\u00f5es dos professores e o envio de v\u00e1rios of\u00edcios das entidades com assinaturas dos docentes, propondo a antecipa\u00e7\u00e3o que embasou a decis\u00e3o pela aceita\u00e7\u00e3o por parte do Sinpro de Alagoas, que n\u00e3o viu nenhum preju\u00edzo para a categoria, pois, assim, os professores do ensino b\u00e1sico e do ensino superior poder\u00e3o desfrutar de um feriad\u00e3o.<\/p>\n\n\n\n<p>Vale ressaltar que a antecipa\u00e7\u00e3o vale para todas as institui\u00e7\u00f5es privadas do Ensino B\u00e1sico e do Ensino Superior, filiadas ou n\u00e3o ao Sindicato das Escolas.<\/p>\n\n\n\n<p>As escolas que por ventura descumprirem a antecipa\u00e7\u00e3o estar\u00e3o sujeitas a den\u00fancias no Minist\u00e9rio do Trabalho e Emprego e no Minist\u00e9rio P\u00fablico do Trabalho. Al\u00e9m de a\u00e7\u00e3o coletiva na Justi\u00e7a do Trabalho.<\/p>\n\n\n\n<p>O Sinpro segue atento ao cumprimento dos diretos dos educadores.<\/p>\n\n\n\n<p>Somos professores com orgulho e exigimos respeito!<\/p>\n","protected":false},"excerpt":{"rendered":"<p>O feriado do Dia do Professor ser\u00e1 antecipado do dia 15 de outubro para o dia 14, segunda-feira. A decis\u00e3o do acordo entre os sindicatos beneficia a grande maioria da categoria. Uma grande quantidade de liga\u00e7\u00f5es dos professores e o envio de v\u00e1rios of\u00edcios das entidades com assinaturas dos docentes, propondo a antecipa\u00e7\u00e3o que embasou [&hellip;]<\/p>\n","protected":false},"author":4,"featured_media":5526,"comment_status":"open","ping_status":"open","sticky":false,"template":"","format":"standard","meta":{"footnotes":""},"categories":[4],"tags":[],"class_list":["post-5525","post","type-post","status-publish","format-standard","has-post-thumbnail","hentry","category-noticias-sinpro-al"],"_links":{"self":[{"href":"http:\/\/sinpro-al.com.br\/v2\/index.php?rest_route=\/wp\/v2\/posts\/5525","targetHints":{"allow":["GET"]}}],"collection":[{"href":"http:\/\/sinpro-al.com.br\/v2\/index.php?rest_route=\/wp\/v2\/posts"}],"about":[{"href":"http:\/\/sinpro-al.com.br\/v2\/index.php?rest_route=\/wp\/v2\/types\/post"}],"author":[{"embeddable":true,"href":"http:\/\/sinpro-al.com.br\/v2\/index.php?rest_route=\/wp\/v2\/users\/4"}],"replies":[{"embeddable":true,"href":"http:\/\/sinpro-al.com.br\/v2\/index.php?rest_route=%2Fwp%2Fv2%2Fcomments&post=5525"}],"version-history":[{"count":2,"href":"http:\/\/sinpro-al.com.br\/v2\/index.php?rest_route=\/wp\/v2\/posts\/5525\/revisions"}],"predecessor-version":[{"id":5532,"href":"http:\/\/sinpro-al.com.br\/v2\/index.php?rest_route=\/wp\/v2\/posts\/5525\/revisions\/5532"}],"wp:featuredmedia":[{"embeddable":true,"href":"http:\/\/sinpro-al.com.br\/v2\/index.php?rest_route=\/wp\/v2\/media\/5526"}],"wp:attachment":[{"href":"http:\/\/sinpro-al.com.br\/v2\/index.php?rest_route=%2Fwp%2Fv2%2Fmedia&parent=5525"}],"wp:term":[{"taxonomy":"category","embeddable":true,"href":"http:\/\/sinpro-al.com.br\/v2\/index.php?rest_route=%2Fwp%2Fv2%2Fcategories&post=5525"},{"taxonomy":"post_tag","embeddable":true,"href":"http:\/\/sinpro-al.com.br\/v2\/index.php?rest_route=%2Fwp%2Fv2%2Ftags&post=5525"}],"curies":[{"name":"wp","href":"https:\/\/api.w.org\/{rel}","templated":true}]}}