{"id":5516,"date":"2019-08-22T13:13:55","date_gmt":"2019-08-22T16:13:55","guid":{"rendered":"http:\/\/sinpro-al.com.br\/v2\/?p=5516"},"modified":"2019-08-22T13:13:56","modified_gmt":"2019-08-22T16:13:56","slug":"sinpro-de-alagoas-requer-audiencia-publica-a-ale-para-tratar-sobre-a-inclusao-de-criancas-e-jovens","status":"publish","type":"post","link":"http:\/\/sinpro-al.com.br\/v2\/?p=5516","title":{"rendered":"Sinpro de Alagoas requer Audi\u00eancia P\u00fablica \u00e0 ALE para tratar sobre a inclus\u00e3o de crian\u00e7as e jovens"},"content":{"rendered":"\n<p>Vem a aumentar, por parte dos docentes da rede privada, as den\u00fancias de que as institui\u00e7\u00f5es de ensino estudantes com necessidades especiais sem nenhum apoio pedag\u00f3gico, o Sinpro de Alagoas protocolizou requerimento \u00e0 Comiss\u00e3o Permanente de Educa\u00e7\u00e3o da Assembleia Legislativa do Estado de Alagoas para a realiza\u00e7\u00e3o de uma Audi\u00eancia P\u00fablica para discutir o tema \u201cA inclus\u00e3o de crian\u00e7as e jovens com defici\u00eancia na educa\u00e7\u00e3o de Alagoas.\u201d&nbsp;<\/p>\n\n\n\n<p>H\u00e1 den\u00fancias graves de viola\u00e7\u00e3o ao direito a inclus\u00e3o garantido por vasta legisla\u00e7\u00e3o. Estudantes que precisam de um acompanhamento especializado est\u00e3o sendo tratados, segundo as den\u00fancias, de forma completamente inadequada, o que vem a sobrecarregar e contribuir para o adoecimento dos professores, seja na rede p\u00fablica, seja na rede privada.&nbsp;<\/p>\n\n\n\n<p>Sem o respeito a legisla\u00e7\u00e3o, bem como um acompanhamento especializado, perpetua-se a exclus\u00e3o de crian\u00e7as e de jovens.<\/p>\n\n\n\n<p>Estagi\u00e1rios sendo contratados para acompanhar essas crian\u00e7as e jovens, desvio de fun\u00e7\u00e3o ao colocar funcion\u00e1rios de servi\u00e7os gerais para fazer esse acompanhamento e docentes sem nenhuma ajuda para trabalhar com a inclus\u00e3o de crian\u00e7as e jovens.&nbsp;<\/p>\n\n\n\n<p>O Sinpro de Alagoas pedir\u00e1 a chamamento do Sinteal, OAB\/ALAGOAS, representante das prefeituras, do Minist\u00e9rio P\u00fablico Estadual, do Minist\u00e9rio P\u00fablico do Trabalho, do Minist\u00e9rio P\u00fablico Federal, do Governo Do Estado de Alagoas, do Sindicato das Escolas Privadas de Alagoas, dos parlamentares, das associa\u00e7\u00f5es que trabalham e promovem a inclus\u00e3o de crian\u00e7as e jovens.\u00a0<\/p>\n\n\n\n<p>\u201cPrecisamos avan\u00e7ar na garantia da inclus\u00e3o. \u00c9 um direito amplamente discutido em todo mundo que, aqui em Alagoas, n\u00e3o vem a ser respeitado, e, al\u00e9m do mais, vem a sobrecarregar uma categoria j\u00e1 extremamente sobrecarregada, ou pela falta de<\/p>\n\n\n\n<p>Investimento do Estado ou para n\u00e3o aumentar as despesas, no caso da rede privada. \u00c9 uma quest\u00e3o de direitos humanos\u201d, explica o presidente do Sinpro de Alagoas, Eduardo Vasconcelos\u00a0<\/p>\n","protected":false},"excerpt":{"rendered":"<p>Vem a aumentar, por parte dos docentes da rede privada, as den\u00fancias de que as institui\u00e7\u00f5es de ensino estudantes com necessidades especiais sem nenhum apoio pedag\u00f3gico, o Sinpro de Alagoas protocolizou requerimento \u00e0 Comiss\u00e3o Permanente de Educa\u00e7\u00e3o da Assembleia Legislativa do Estado de Alagoas para a realiza\u00e7\u00e3o de uma Audi\u00eancia P\u00fablica para discutir o tema [&hellip;]<\/p>\n","protected":false},"author":4,"featured_media":5517,"comment_status":"open","ping_status":"open","sticky":false,"template":"","format":"standard","meta":{"footnotes":""},"categories":[4],"tags":[],"class_list":["post-5516","post","type-post","status-publish","format-standard","has-post-thumbnail","hentry","category-noticias-sinpro-al"],"_links":{"self":[{"href":"http:\/\/sinpro-al.com.br\/v2\/index.php?rest_route=\/wp\/v2\/posts\/5516","targetHints":{"allow":["GET"]}}],"collection":[{"href":"http:\/\/sinpro-al.com.br\/v2\/index.php?rest_route=\/wp\/v2\/posts"}],"about":[{"href":"http:\/\/sinpro-al.com.br\/v2\/index.php?rest_route=\/wp\/v2\/types\/post"}],"author":[{"embeddable":true,"href":"http:\/\/sinpro-al.com.br\/v2\/index.php?rest_route=\/wp\/v2\/users\/4"}],"replies":[{"embeddable":true,"href":"http:\/\/sinpro-al.com.br\/v2\/index.php?rest_route=%2Fwp%2Fv2%2Fcomments&post=5516"}],"version-history":[{"count":1,"href":"http:\/\/sinpro-al.com.br\/v2\/index.php?rest_route=\/wp\/v2\/posts\/5516\/revisions"}],"predecessor-version":[{"id":5518,"href":"http:\/\/sinpro-al.com.br\/v2\/index.php?rest_route=\/wp\/v2\/posts\/5516\/revisions\/5518"}],"wp:featuredmedia":[{"embeddable":true,"href":"http:\/\/sinpro-al.com.br\/v2\/index.php?rest_route=\/wp\/v2\/media\/5517"}],"wp:attachment":[{"href":"http:\/\/sinpro-al.com.br\/v2\/index.php?rest_route=%2Fwp%2Fv2%2Fmedia&parent=5516"}],"wp:term":[{"taxonomy":"category","embeddable":true,"href":"http:\/\/sinpro-al.com.br\/v2\/index.php?rest_route=%2Fwp%2Fv2%2Fcategories&post=5516"},{"taxonomy":"post_tag","embeddable":true,"href":"http:\/\/sinpro-al.com.br\/v2\/index.php?rest_route=%2Fwp%2Fv2%2Ftags&post=5516"}],"curies":[{"name":"wp","href":"https:\/\/api.w.org\/{rel}","templated":true}]}}