{"id":5505,"date":"2019-06-14T12:46:40","date_gmt":"2019-06-14T15:46:40","guid":{"rendered":"http:\/\/sinpro-al.com.br\/v2\/?p=5505"},"modified":"2019-06-14T12:59:49","modified_gmt":"2019-06-14T15:59:49","slug":"5505","status":"publish","type":"post","link":"http:\/\/sinpro-al.com.br\/v2\/?p=5505","title":{"rendered":"Contra o fim da aposentadoria e por uma educa\u00e7\u00e3o p\u00fablica, gratuita e de qualidade"},"content":{"rendered":"\n<p>Os trabalhadores brasileiros realizam greve geral, dia 14 de junho (sexta-feira), em defesa da aposentadoria e da educa\u00e7\u00e3o p\u00fablica de qualidade e contra a reforma da Previd\u00eancia proposta pelo Governo Bolsonaro. O movimento sindical, os movimentos sociais e partidos pol\u00edticos democr\u00e1ticos est\u00e3o unidos na defesa dos interesses populares.<br><br> Nos dias 15 e 30 de maio ocorreram grandes manifesta\u00e7\u00f5es nas ruas das capitais e mais de duas centenas de cidades brasileiras, com a decisiva participa\u00e7\u00e3o dos trabalhadores da educa\u00e7\u00e3o, reunindo ao todo cerca de 3 milh\u00f5es de pessoas em defesa do ensino de qualidade e contra o corte de verbas para servi\u00e7os p\u00fablicos e contra a reforma da Previd\u00eancia.<br><br> A crise econ\u00f4mica brasileira s\u00f3 se agrava, aumentando o desemprego e a viola\u00e7\u00e3o dos direitos dos trabalhadores. A \u00fanica solu\u00e7\u00e3o que o governo apresenta para essa situa\u00e7\u00e3o \u00e9 a reforma da Previd\u00eancia, que trar\u00e1 ainda mais preju\u00edzos \u00e0 popula\u00e7\u00e3o e praticamente acaba com a aposentadoria dos trabalhadores em educa\u00e7\u00e3o.<br><br> Al\u00e9m de ampliar o tempo de trabalho e dificultar o acesso \u00e0 aposentadoria para auxiliares de educa\u00e7\u00e3o e demais trabalhadores \u2013 como idade m\u00ednima e tempo m\u00ednimo de contribui\u00e7\u00e3o de 40 anos para ter o direito a 100% do valor do benef\u00edcio, redu\u00e7\u00e3o do valor do Benef\u00edcio de Presta\u00e7\u00e3o Continuada (BPC), entre muitos outros \u2013 a reforma proposta por Bolsonaro vai acabar progressivamente com as aposentadorias p\u00fablicas e privatizar o sistema previdenci\u00e1rio. O governo quer implantar o regime de capitaliza\u00e7\u00e3o, pelo qual patr\u00f5es e governos deixar\u00e3o de contribuir para a Previd\u00eancia, que passa a ser bancada exclusivamente pelos trabalhadores e gerida pela iniciativa privada. Quem n\u00e3o tiver poupan\u00e7a, n\u00e3o se aposenta!<br><br> PREJU\u00cdZOS PARA PROFESSORES E PROFESSORAS <br><br> Para as professoras e professores, a reforma \u00e9 particularmente perversa. Atualmente, a categoria se aposenta com sal\u00e1rio integral, com 25 anos de contribui\u00e7\u00e3o para as mulheres e 30 para homens, sem limite de idade. A proposta do governo exige idade m\u00ednima de 60 anos para a professora ou professor se aposentar, com 30 anos de contribui\u00e7\u00e3o e trabalhando exclusivamente no magist\u00e9rio. E a partir do pr\u00f3ximo ano a idade m\u00ednima vai aumentar ainda mais, de acordo com a expectativa de sobrevida dos brasileiros. Considerando que depois dos 50 anos dificilmente a professora ou professor consegue emprego, a categoria nunca vai se aposentar! Por isso os trabalhadores da educa\u00e7\u00e3o v\u00e3o participar da greve geral.<br><br> As centrais sindicais brasileiras, as entidades dos trabalhadores em educa\u00e7\u00e3o e dos estudantes est\u00e3o unidos para a greve geral, dia 14, em defesa das aposentadorias e da educa\u00e7\u00e3o e contra a reforma da Previd\u00eancia.<br><br> \u25cf CONTRA O FIM DA APOSENTADORIA<br><br> \u25cf EM DEFESA DA EDUCA\u00c7\u00c3O P\u00daBLICA E GRATUITA<br><br> Fonte:Confedera\u00e7\u00e3o Nacional dos Trabalhadores em Estabelecimentos de Ensino \u2013 Contee<\/p>\n","protected":false},"excerpt":{"rendered":"<p>Os trabalhadores brasileiros realizam greve geral, dia 14 de junho (sexta-feira), em defesa da aposentadoria e da educa\u00e7\u00e3o p\u00fablica de qualidade e contra a reforma da Previd\u00eancia proposta pelo Governo Bolsonaro. O movimento sindical, os movimentos sociais e partidos pol\u00edticos democr\u00e1ticos est\u00e3o unidos na defesa dos interesses populares. Nos dias 15 e 30 de maio [&hellip;]<\/p>\n","protected":false},"author":4,"featured_media":5506,"comment_status":"open","ping_status":"open","sticky":false,"template":"","format":"standard","meta":{"footnotes":""},"categories":[4],"tags":[],"class_list":["post-5505","post","type-post","status-publish","format-standard","has-post-thumbnail","hentry","category-noticias-sinpro-al"],"_links":{"self":[{"href":"http:\/\/sinpro-al.com.br\/v2\/index.php?rest_route=\/wp\/v2\/posts\/5505","targetHints":{"allow":["GET"]}}],"collection":[{"href":"http:\/\/sinpro-al.com.br\/v2\/index.php?rest_route=\/wp\/v2\/posts"}],"about":[{"href":"http:\/\/sinpro-al.com.br\/v2\/index.php?rest_route=\/wp\/v2\/types\/post"}],"author":[{"embeddable":true,"href":"http:\/\/sinpro-al.com.br\/v2\/index.php?rest_route=\/wp\/v2\/users\/4"}],"replies":[{"embeddable":true,"href":"http:\/\/sinpro-al.com.br\/v2\/index.php?rest_route=%2Fwp%2Fv2%2Fcomments&post=5505"}],"version-history":[{"count":2,"href":"http:\/\/sinpro-al.com.br\/v2\/index.php?rest_route=\/wp\/v2\/posts\/5505\/revisions"}],"predecessor-version":[{"id":5509,"href":"http:\/\/sinpro-al.com.br\/v2\/index.php?rest_route=\/wp\/v2\/posts\/5505\/revisions\/5509"}],"wp:featuredmedia":[{"embeddable":true,"href":"http:\/\/sinpro-al.com.br\/v2\/index.php?rest_route=\/wp\/v2\/media\/5506"}],"wp:attachment":[{"href":"http:\/\/sinpro-al.com.br\/v2\/index.php?rest_route=%2Fwp%2Fv2%2Fmedia&parent=5505"}],"wp:term":[{"taxonomy":"category","embeddable":true,"href":"http:\/\/sinpro-al.com.br\/v2\/index.php?rest_route=%2Fwp%2Fv2%2Fcategories&post=5505"},{"taxonomy":"post_tag","embeddable":true,"href":"http:\/\/sinpro-al.com.br\/v2\/index.php?rest_route=%2Fwp%2Fv2%2Ftags&post=5505"}],"curies":[{"name":"wp","href":"https:\/\/api.w.org\/{rel}","templated":true}]}}