{"id":5499,"date":"2019-06-06T14:29:22","date_gmt":"2019-06-06T17:29:22","guid":{"rendered":"http:\/\/sinpro-al.com.br\/v2\/?p=5499"},"modified":"2019-06-06T14:29:24","modified_gmt":"2019-06-06T17:29:24","slug":"convocacao-assembleia-geral-3","status":"publish","type":"post","link":"http:\/\/sinpro-al.com.br\/v2\/?p=5499","title":{"rendered":"CONVOCA\u00c7\u00c3O ASSEMBLEIA GERAL"},"content":{"rendered":"\n<p><strong>EDITAL DE CONVOCA\u00c7\u00c3O DE ASSEMBLEIA\nGERAL<\/strong><\/p>\n\n\n\n<p>O\nSINDICATO DOS PROFESSORES DO ESTADO DE ALAGOAS \u2013 SINPRO\/AL, atrav\u00e9s de seu\nDiretor Presidente, CONVOCA os docentes associados e quites com suas obriga\u00e7\u00f5es\nlegais e estatut\u00e1rias, para uma assembleia geral para o dia 15 de junho do\ncorrente ano, na SEDE DO SINDICATO DOS PROFESSORES DO ESTADO DE ALAGOAS,\nSINPRO\/AL, Endere\u00e7o: Rua Santa Cruz, 357, \u00e0s 12h em primeira convoca\u00e7\u00e3o e \u00e0s\n12h30, em segunda e \u00faltima.<\/p>\n\n\n\n<p>Pauta:\nRETIRADA DE DELEGADOS (CONTEE\/CUT)<\/p>\n\n\n\n<p>Macei\u00f3,\nAlagoas, 06 de JUNHO de 2019.<\/p>\n\n\n\n<p><strong>Eduardo Vasconcelos<\/strong><\/p>\n\n\n\n<p><strong>Presidente do Sinpro de Alagoas<\/strong><\/p>\n","protected":false},"excerpt":{"rendered":"<p>EDITAL DE CONVOCA\u00c7\u00c3O DE ASSEMBLEIA GERAL O SINDICATO DOS PROFESSORES DO ESTADO DE ALAGOAS \u2013 SINPRO\/AL, atrav\u00e9s de seu Diretor Presidente, CONVOCA os docentes associados e quites com suas obriga\u00e7\u00f5es legais e estatut\u00e1rias, para uma assembleia geral para o dia 15 de junho do corrente ano, na SEDE DO SINDICATO DOS PROFESSORES DO ESTADO DE [&hellip;]<\/p>\n","protected":false},"author":4,"featured_media":4952,"comment_status":"open","ping_status":"open","sticky":false,"template":"","format":"standard","meta":{"footnotes":""},"categories":[4],"tags":[],"class_list":["post-5499","post","type-post","status-publish","format-standard","has-post-thumbnail","hentry","category-noticias-sinpro-al"],"_links":{"self":[{"href":"http:\/\/sinpro-al.com.br\/v2\/index.php?rest_route=\/wp\/v2\/posts\/5499","targetHints":{"allow":["GET"]}}],"collection":[{"href":"http:\/\/sinpro-al.com.br\/v2\/index.php?rest_route=\/wp\/v2\/posts"}],"about":[{"href":"http:\/\/sinpro-al.com.br\/v2\/index.php?rest_route=\/wp\/v2\/types\/post"}],"author":[{"embeddable":true,"href":"http:\/\/sinpro-al.com.br\/v2\/index.php?rest_route=\/wp\/v2\/users\/4"}],"replies":[{"embeddable":true,"href":"http:\/\/sinpro-al.com.br\/v2\/index.php?rest_route=%2Fwp%2Fv2%2Fcomments&post=5499"}],"version-history":[{"count":1,"href":"http:\/\/sinpro-al.com.br\/v2\/index.php?rest_route=\/wp\/v2\/posts\/5499\/revisions"}],"predecessor-version":[{"id":5500,"href":"http:\/\/sinpro-al.com.br\/v2\/index.php?rest_route=\/wp\/v2\/posts\/5499\/revisions\/5500"}],"wp:featuredmedia":[{"embeddable":true,"href":"http:\/\/sinpro-al.com.br\/v2\/index.php?rest_route=\/wp\/v2\/media\/4952"}],"wp:attachment":[{"href":"http:\/\/sinpro-al.com.br\/v2\/index.php?rest_route=%2Fwp%2Fv2%2Fmedia&parent=5499"}],"wp:term":[{"taxonomy":"category","embeddable":true,"href":"http:\/\/sinpro-al.com.br\/v2\/index.php?rest_route=%2Fwp%2Fv2%2Fcategories&post=5499"},{"taxonomy":"post_tag","embeddable":true,"href":"http:\/\/sinpro-al.com.br\/v2\/index.php?rest_route=%2Fwp%2Fv2%2Ftags&post=5499"}],"curies":[{"name":"wp","href":"https:\/\/api.w.org\/{rel}","templated":true}]}}