{"id":5492,"date":"2019-05-24T15:47:13","date_gmt":"2019-05-24T18:47:13","guid":{"rendered":"http:\/\/sinpro-al.com.br\/v2\/?p=5492"},"modified":"2019-05-24T15:55:31","modified_gmt":"2019-05-24T18:55:31","slug":"apos-denuncia-do-sinpro-de-alagoas-centro-educacional-se-adequa-a-legislacao","status":"publish","type":"post","link":"http:\/\/sinpro-al.com.br\/v2\/?p=5492","title":{"rendered":"AP\u00d3S DEN\u00daNCIA DO SINPRO DE ALAGOAS, CENTRO EDUCACIONAL SE ADEQUA \u00c0 LEGISLA\u00c7\u00c3O"},"content":{"rendered":"\n<p>Ap\u00f3s den\u00fancia do Sinpro de Alagoas, o Minist\u00e9rio P\u00fablico do Trabalho instaurou Inqu\u00e9rito Civil para investigar as demandas apresentadas: aus\u00eancia do Programa de Controle M\u00e9dico de Sa\u00fade Ocupacional (PCMSO), aus\u00eancia do Programa de Riscos Ambientais (PPRA), problemas no meio ambiente de trabalho e problema de jornada extraordin\u00e1ria. Houve uma per\u00edcia realizada pelo setor respons\u00e1vel da Procuradoria Regional do Trabalho da 19\u00ba Regi\u00e3o, sendo emitido um laudo. Posteriormente, o Centro Educacional Novo Alvorecer, localizado na cidade de Rio Largo, se adequou \u00e0 legisla\u00e7\u00e3o vigente, mesmo no in\u00edcio tendo sido evidenciados ind\u00edcios de irregularidades quanto aos temas investigados, o que fez a procuradora do trabalho, dra. Virg\u00ednia Gon\u00e7alves, a pedir o arquivamento do IC.<\/p>\n\n\n\n<p>SOU PROFESSOR COM ORGULHO E EXIJO RESPEITO.<\/p>\n\n\n\n<figure class=\"wp-block-image\"><img loading=\"lazy\" decoding=\"async\" width=\"686\" height=\"1024\" src=\"http:\/\/sinpro-al.com.br\/v2\/wp-content\/uploads\/2019\/05\/IMagem-01-686x1024.jpg\" alt=\"\" class=\"wp-image-5493\" srcset=\"http:\/\/sinpro-al.com.br\/v2\/wp-content\/uploads\/2019\/05\/IMagem-01-686x1024.jpg 686w, http:\/\/sinpro-al.com.br\/v2\/wp-content\/uploads\/2019\/05\/IMagem-01-201x300.jpg 201w, http:\/\/sinpro-al.com.br\/v2\/wp-content\/uploads\/2019\/05\/IMagem-01-768x1147.jpg 768w, http:\/\/sinpro-al.com.br\/v2\/wp-content\/uploads\/2019\/05\/IMagem-01.jpg 1083w\" sizes=\"auto, (max-width: 686px) 100vw, 686px\" \/><\/figure>\n","protected":false},"excerpt":{"rendered":"<p>Ap\u00f3s den\u00fancia do Sinpro de Alagoas, o Minist\u00e9rio P\u00fablico do Trabalho instaurou Inqu\u00e9rito Civil para investigar as demandas apresentadas: aus\u00eancia do Programa de Controle M\u00e9dico de Sa\u00fade Ocupacional (PCMSO), aus\u00eancia do Programa de Riscos Ambientais (PPRA), problemas no meio ambiente de trabalho e problema de jornada extraordin\u00e1ria. Houve uma per\u00edcia realizada pelo setor respons\u00e1vel da [&hellip;]<\/p>\n","protected":false},"author":4,"featured_media":4241,"comment_status":"open","ping_status":"open","sticky":false,"template":"","format":"standard","meta":{"footnotes":""},"categories":[4],"tags":[],"class_list":["post-5492","post","type-post","status-publish","format-standard","has-post-thumbnail","hentry","category-noticias-sinpro-al"],"_links":{"self":[{"href":"http:\/\/sinpro-al.com.br\/v2\/index.php?rest_route=\/wp\/v2\/posts\/5492","targetHints":{"allow":["GET"]}}],"collection":[{"href":"http:\/\/sinpro-al.com.br\/v2\/index.php?rest_route=\/wp\/v2\/posts"}],"about":[{"href":"http:\/\/sinpro-al.com.br\/v2\/index.php?rest_route=\/wp\/v2\/types\/post"}],"author":[{"embeddable":true,"href":"http:\/\/sinpro-al.com.br\/v2\/index.php?rest_route=\/wp\/v2\/users\/4"}],"replies":[{"embeddable":true,"href":"http:\/\/sinpro-al.com.br\/v2\/index.php?rest_route=%2Fwp%2Fv2%2Fcomments&post=5492"}],"version-history":[{"count":1,"href":"http:\/\/sinpro-al.com.br\/v2\/index.php?rest_route=\/wp\/v2\/posts\/5492\/revisions"}],"predecessor-version":[{"id":5494,"href":"http:\/\/sinpro-al.com.br\/v2\/index.php?rest_route=\/wp\/v2\/posts\/5492\/revisions\/5494"}],"wp:featuredmedia":[{"embeddable":true,"href":"http:\/\/sinpro-al.com.br\/v2\/index.php?rest_route=\/wp\/v2\/media\/4241"}],"wp:attachment":[{"href":"http:\/\/sinpro-al.com.br\/v2\/index.php?rest_route=%2Fwp%2Fv2%2Fmedia&parent=5492"}],"wp:term":[{"taxonomy":"category","embeddable":true,"href":"http:\/\/sinpro-al.com.br\/v2\/index.php?rest_route=%2Fwp%2Fv2%2Fcategories&post=5492"},{"taxonomy":"post_tag","embeddable":true,"href":"http:\/\/sinpro-al.com.br\/v2\/index.php?rest_route=%2Fwp%2Fv2%2Ftags&post=5492"}],"curies":[{"name":"wp","href":"https:\/\/api.w.org\/{rel}","templated":true}]}}