{"id":549,"date":"2014-12-02T13:57:22","date_gmt":"2014-12-02T16:57:22","guid":{"rendered":"http:\/\/sinpro-al.com.br\/v2\/?p=549"},"modified":"2014-12-02T14:02:07","modified_gmt":"2014-12-02T17:02:07","slug":"sinpro-al-parabeniza-participacao-de-professores-em-assembleia","status":"publish","type":"post","link":"http:\/\/sinpro-al.com.br\/v2\/?p=549","title":{"rendered":"SINPRO-AL parabeniza participa\u00e7\u00e3o de professores em assembleia"},"content":{"rendered":"<p>&nbsp;<\/p>\n<p>A Diretoria do Sindicato dos Professores do Estado de Alagoas (Sinpro-AL) parabeniza a participa\u00e7\u00e3o dos associados na assembleia <a href=\"http:\/\/sinpro-al.com.br\/v2\/wp-content\/uploads\/2014\/12\/DSC_0066-e1417539717166.jpg\"><img loading=\"lazy\" decoding=\"async\" class=\"alignright wp-image-550 size-medium\" src=\"http:\/\/sinpro-al.com.br\/v2\/wp-content\/uploads\/2014\/12\/DSC_0066-e1417539717166-300x197.jpg\" alt=\"\" width=\"300\" height=\"197\" srcset=\"http:\/\/sinpro-al.com.br\/v2\/wp-content\/uploads\/2014\/12\/DSC_0066-e1417539717166-300x197.jpg 300w, http:\/\/sinpro-al.com.br\/v2\/wp-content\/uploads\/2014\/12\/DSC_0066-e1417539717166-1024x672.jpg 1024w, http:\/\/sinpro-al.com.br\/v2\/wp-content\/uploads\/2014\/12\/DSC_0066-e1417539717166.jpg 1601w\" sizes=\"auto, (max-width: 300px) 100vw, 300px\" \/><\/a>extraordin\u00e1ria no \u00faltimo s\u00e1bado (29) realizada no Sindicato dos Banc\u00e1rios, no Centro de Macei\u00f3.<\/p>\n<p>Com uma participa\u00e7\u00e3o nunca antes vista, gra\u00e7as ao trabalho de divulga\u00e7\u00e3o e chamamento da Diretoria, os professores votaram e aprovaram a altera\u00e7\u00e3o e dois artigos do estatuto do sindicato para a realiza\u00e7\u00e3o das pr\u00f3ximas elei\u00e7\u00f5es, a escolha da comiss\u00e3o eleitoral dentre membros da categoria e vit\u00f3ria por maioria simples.<\/p>\n<p>&nbsp;<\/p>\n<p>O diretor-presidente, Fernando Firmino, falou sobre o ocorrido. \u201cNos \u00faltimos anos estamos fortalecendo a categoria e a prova est\u00e1 na realiza\u00e7\u00e3o democr\u00e1tica desta assembleia, onde todos tiveram voz e puderam contribuir para a evolu\u00e7\u00e3o do sindicato\u201d, destacou.<\/p>\n<p>&nbsp;<\/p>\n","protected":false},"excerpt":{"rendered":"<p>&nbsp; A Diretoria do Sindicato dos Professores do Estado de Alagoas (Sinpro-AL) parabeniza a participa\u00e7\u00e3o dos associados na assembleia extraordin\u00e1ria no \u00faltimo s\u00e1bado (29) realizada no Sindicato dos Banc\u00e1rios, no Centro de Macei\u00f3. Com uma participa\u00e7\u00e3o nunca antes vista, gra\u00e7as ao trabalho de divulga\u00e7\u00e3o e chamamento da Diretoria, os professores votaram e aprovaram a altera\u00e7\u00e3o [&hellip;]<\/p>\n","protected":false},"author":4,"featured_media":0,"comment_status":"open","ping_status":"open","sticky":false,"template":"","format":"standard","meta":{"footnotes":""},"categories":[1],"tags":[],"class_list":["post-549","post","type-post","status-publish","format-standard","hentry","category-sem-categoria"],"_links":{"self":[{"href":"http:\/\/sinpro-al.com.br\/v2\/index.php?rest_route=\/wp\/v2\/posts\/549","targetHints":{"allow":["GET"]}}],"collection":[{"href":"http:\/\/sinpro-al.com.br\/v2\/index.php?rest_route=\/wp\/v2\/posts"}],"about":[{"href":"http:\/\/sinpro-al.com.br\/v2\/index.php?rest_route=\/wp\/v2\/types\/post"}],"author":[{"embeddable":true,"href":"http:\/\/sinpro-al.com.br\/v2\/index.php?rest_route=\/wp\/v2\/users\/4"}],"replies":[{"embeddable":true,"href":"http:\/\/sinpro-al.com.br\/v2\/index.php?rest_route=%2Fwp%2Fv2%2Fcomments&post=549"}],"version-history":[{"count":3,"href":"http:\/\/sinpro-al.com.br\/v2\/index.php?rest_route=\/wp\/v2\/posts\/549\/revisions"}],"predecessor-version":[{"id":553,"href":"http:\/\/sinpro-al.com.br\/v2\/index.php?rest_route=\/wp\/v2\/posts\/549\/revisions\/553"}],"wp:attachment":[{"href":"http:\/\/sinpro-al.com.br\/v2\/index.php?rest_route=%2Fwp%2Fv2%2Fmedia&parent=549"}],"wp:term":[{"taxonomy":"category","embeddable":true,"href":"http:\/\/sinpro-al.com.br\/v2\/index.php?rest_route=%2Fwp%2Fv2%2Fcategories&post=549"},{"taxonomy":"post_tag","embeddable":true,"href":"http:\/\/sinpro-al.com.br\/v2\/index.php?rest_route=%2Fwp%2Fv2%2Ftags&post=549"}],"curies":[{"name":"wp","href":"https:\/\/api.w.org\/{rel}","templated":true}]}}