{"id":5470,"date":"2019-03-07T13:18:20","date_gmt":"2019-03-07T16:18:20","guid":{"rendered":"http:\/\/sinpro-al.com.br\/v2\/?p=5470"},"modified":"2019-03-07T13:18:23","modified_gmt":"2019-03-07T16:18:23","slug":"convocacao-assembleia-geral-2","status":"publish","type":"post","link":"http:\/\/sinpro-al.com.br\/v2\/?p=5470","title":{"rendered":"CONVOCA\u00c7\u00c3O ASSEMBLEIA GERAL"},"content":{"rendered":"\n<p><strong>EDITAL DE CONVOCA\u00c7\u00c3O DE ASSEMBLEIA<\/strong><\/p>\n\n\n\n<p>Sindicato dos Professores\nde Alagoas (Sinpro\/AL) convoca uma assembleia geral para o s\u00e1bado, dia 16 de\nmar\u00e7o do corrente ano, para todos os professores da rede privada de ensino filiados\na este Sindicato e quites com as suas obriga\u00e7\u00f5es estatut\u00e1rias. A Assembleia\nser\u00e1 realizada no audit\u00f3rio do Espa\u00e7o Mais Intercursos (em frente \u00e0 sede do\nSinpro\/AL), situado na Rua Santa Cruz, 340, CEP 57051590, Farol, Macei\u00f3-AL. A\nprimeira chamada para o in\u00edcio da Assembleia ser\u00e1, \u00e0s 12h, e a segunda e\ndefinitiva, \u00e0s 12h30.<\/p>\n\n\n\n<p>PAUTA: PRESTA\u00c7\u00c3O DE CONTAS<\/p>\n\n\n\n<p>Macei\u00f3, Alagoas, 06 de\nmar\u00e7o de 2019.<\/p>\n\n\n\n<p>EDUARDO VASCONCELOS<\/p>\n\n\n\n<p>PRESIDENTE DO SINPRO DE ALAGOAS\n\n\n\n\n\nL<\/p>\n","protected":false},"excerpt":{"rendered":"<p>EDITAL DE CONVOCA\u00c7\u00c3O DE ASSEMBLEIA Sindicato dos Professores de Alagoas (Sinpro\/AL) convoca uma assembleia geral para o s\u00e1bado, dia 16 de mar\u00e7o do corrente ano, para todos os professores da rede privada de ensino filiados a este Sindicato e quites com as suas obriga\u00e7\u00f5es estatut\u00e1rias. A Assembleia ser\u00e1 realizada no audit\u00f3rio do Espa\u00e7o Mais Intercursos [&hellip;]<\/p>\n","protected":false},"author":4,"featured_media":0,"comment_status":"open","ping_status":"open","sticky":false,"template":"","format":"standard","meta":{"footnotes":""},"categories":[4],"tags":[],"class_list":["post-5470","post","type-post","status-publish","format-standard","hentry","category-noticias-sinpro-al"],"_links":{"self":[{"href":"http:\/\/sinpro-al.com.br\/v2\/index.php?rest_route=\/wp\/v2\/posts\/5470","targetHints":{"allow":["GET"]}}],"collection":[{"href":"http:\/\/sinpro-al.com.br\/v2\/index.php?rest_route=\/wp\/v2\/posts"}],"about":[{"href":"http:\/\/sinpro-al.com.br\/v2\/index.php?rest_route=\/wp\/v2\/types\/post"}],"author":[{"embeddable":true,"href":"http:\/\/sinpro-al.com.br\/v2\/index.php?rest_route=\/wp\/v2\/users\/4"}],"replies":[{"embeddable":true,"href":"http:\/\/sinpro-al.com.br\/v2\/index.php?rest_route=%2Fwp%2Fv2%2Fcomments&post=5470"}],"version-history":[{"count":1,"href":"http:\/\/sinpro-al.com.br\/v2\/index.php?rest_route=\/wp\/v2\/posts\/5470\/revisions"}],"predecessor-version":[{"id":5471,"href":"http:\/\/sinpro-al.com.br\/v2\/index.php?rest_route=\/wp\/v2\/posts\/5470\/revisions\/5471"}],"wp:attachment":[{"href":"http:\/\/sinpro-al.com.br\/v2\/index.php?rest_route=%2Fwp%2Fv2%2Fmedia&parent=5470"}],"wp:term":[{"taxonomy":"category","embeddable":true,"href":"http:\/\/sinpro-al.com.br\/v2\/index.php?rest_route=%2Fwp%2Fv2%2Fcategories&post=5470"},{"taxonomy":"post_tag","embeddable":true,"href":"http:\/\/sinpro-al.com.br\/v2\/index.php?rest_route=%2Fwp%2Fv2%2Ftags&post=5470"}],"curies":[{"name":"wp","href":"https:\/\/api.w.org\/{rel}","templated":true}]}}