{"id":5466,"date":"2019-03-07T10:44:40","date_gmt":"2019-03-07T13:44:40","guid":{"rendered":"http:\/\/sinpro-al.com.br\/v2\/?p=5466"},"modified":"2019-03-08T12:49:44","modified_gmt":"2019-03-08T15:49:44","slug":"convocacao-de-assembleia-geral-2","status":"publish","type":"post","link":"http:\/\/sinpro-al.com.br\/v2\/?p=5466","title":{"rendered":"CONVOCA\u00c7\u00c3O DE ASSEMBLEIA GERAL"},"content":{"rendered":"\n<p><strong>EDITAL DE CONVOCA\u00c7\u00c3O DE ASSEMBLEIA<\/strong><\/p>\n\n\n\n<p>Sindicato dos Professores de Alagoas (Sinpro\/AL) convoca uma assembleia geral para o s\u00e1bado, dia 09 de mar\u00e7o do corrente ano, para os professores todos os professores da rede privada de ensino quites com as suas obriga\u00e7\u00f5es estatut\u00e1rias. A Assembleia ser\u00e1 realizada no audit\u00f3rio do Espa\u00e7o Mais Intercursos (em frente \u00e0 sede do Sinpro\/AL), situado na Rua Santa Cruz, 340, CEP 57051590, Farol, Macei\u00f3-AL. A primeira chamada para o in\u00edcio da Assembleia ser\u00e1 12h e a segunda e definitiva 12h30.<\/p>\n\n\n\n<p>PAUTA: APROVA\u00c7\u00c3O DA PAUTA DE REINVIDICA\u00c7\u00d5ES DA CAMPANHA SALARIAL DO ENSINO B\u00c1SICO 2019<\/p>\n\n\n\n<p>Macei\u00f3, Alagoas, 01 de mar\u00e7o de 2019.<\/p>\n\n\n\n<p>EDUARDO VASCONCELOS<\/p>\n\n\n\n<p>PRESIDENTE DO SINPRO DE ALAGOAS<\/p>\n\n\n\n<p><strong>A<\/strong><\/p>\n","protected":false},"excerpt":{"rendered":"<p>EDITAL DE CONVOCA\u00c7\u00c3O DE ASSEMBLEIA Sindicato dos Professores de Alagoas (Sinpro\/AL) convoca uma assembleia geral para o s\u00e1bado, dia 09 de mar\u00e7o do corrente ano, para os professores todos os professores da rede privada de ensino quites com as suas obriga\u00e7\u00f5es estatut\u00e1rias. A Assembleia ser\u00e1 realizada no audit\u00f3rio do Espa\u00e7o Mais Intercursos (em frente \u00e0 [&hellip;]<\/p>\n","protected":false},"author":4,"featured_media":0,"comment_status":"open","ping_status":"open","sticky":false,"template":"","format":"standard","meta":{"footnotes":""},"categories":[4],"tags":[],"class_list":["post-5466","post","type-post","status-publish","format-standard","hentry","category-noticias-sinpro-al"],"_links":{"self":[{"href":"http:\/\/sinpro-al.com.br\/v2\/index.php?rest_route=\/wp\/v2\/posts\/5466","targetHints":{"allow":["GET"]}}],"collection":[{"href":"http:\/\/sinpro-al.com.br\/v2\/index.php?rest_route=\/wp\/v2\/posts"}],"about":[{"href":"http:\/\/sinpro-al.com.br\/v2\/index.php?rest_route=\/wp\/v2\/types\/post"}],"author":[{"embeddable":true,"href":"http:\/\/sinpro-al.com.br\/v2\/index.php?rest_route=\/wp\/v2\/users\/4"}],"replies":[{"embeddable":true,"href":"http:\/\/sinpro-al.com.br\/v2\/index.php?rest_route=%2Fwp%2Fv2%2Fcomments&post=5466"}],"version-history":[{"count":2,"href":"http:\/\/sinpro-al.com.br\/v2\/index.php?rest_route=\/wp\/v2\/posts\/5466\/revisions"}],"predecessor-version":[{"id":5473,"href":"http:\/\/sinpro-al.com.br\/v2\/index.php?rest_route=\/wp\/v2\/posts\/5466\/revisions\/5473"}],"wp:attachment":[{"href":"http:\/\/sinpro-al.com.br\/v2\/index.php?rest_route=%2Fwp%2Fv2%2Fmedia&parent=5466"}],"wp:term":[{"taxonomy":"category","embeddable":true,"href":"http:\/\/sinpro-al.com.br\/v2\/index.php?rest_route=%2Fwp%2Fv2%2Fcategories&post=5466"},{"taxonomy":"post_tag","embeddable":true,"href":"http:\/\/sinpro-al.com.br\/v2\/index.php?rest_route=%2Fwp%2Fv2%2Ftags&post=5466"}],"curies":[{"name":"wp","href":"https:\/\/api.w.org\/{rel}","templated":true}]}}